{"id":1218796,"date":"2021-01-13T23:11:40","date_gmt":"2021-01-14T05:11:40","guid":{"rendered":"https:\/\/www.acapulcopress.com\/?p=1218796"},"modified":"2021-01-13T23:11:40","modified_gmt":"2021-01-14T05:11:40","slug":"liam-neeson-condena-politicas-de-abominacion-de-trump-en-la-frontera","status":"publish","type":"post","link":"https:\/\/www.acapulcopress.com\/index.php\/2021\/01\/13\/liam-neeson-condena-politicas-de-abominacion-de-trump-en-la-frontera\/","title":{"rendered":"Liam Neeson condena \u00abpol\u00edticas de abominaci\u00f3n\u00bb de Trump en la frontera"},"content":{"rendered":"<p style=\"text-align: justify;\">LOS \u00c1NGELES. | 13 de enero de 2021.<br \/>\n<em>] <a href=\"https:\/\/www.efe.com\/efe\/america\/cultura\/liam-neeson-las-politicas-de-trump-en-la-frontera-han-sido-una-abominacion\/20000009-4439575\" target=\"_blank\" rel=\"noopener\">Efe<\/a>.<\/em><br \/>\nUna de las transformaciones m\u00e1s singulares del cine en los \u00faltimos a\u00f1os es la tard\u00eda conversi\u00f3n en una estrella de la acci\u00f3n de Liam Neeson, que ahora presenta el thriller fronterizo \u00abThe Marksman\u00bb y que no se cort\u00f3 a la hora de atacar las ideas del presidente de Estados Unidos, Donald Trump.<\/p>\n<p style=\"text-align: justify;\">\u00abLas pol\u00edticas de Trump en la frontera han sido una abominaci\u00f3n\u00bb, asegur\u00f3 el veterano actor a <em>Efe<\/em>.<\/p>\n<p style=\"text-align: justify;\">Tras \u00e9xitos de la adrenalina como \u00abTaken\u00bb (2008) o \u00abUnknown\u00bb (2011), Neeson contin\u00faa con la escopeta al hombro y con ansias de justiciero en solitario en \u00abThe Marksman\u00bb, pel\u00edcula de Robert Lorenz (\u00abTrouble with the Curve\u00bb, 2012) que se estrena el viernes en Estados Unidos y en la que aparecen los actores latinos Juan Pablo Raba, Teresa Ruiz y Jacob P\u00e9rez.<\/p>\n<p style=\"text-align: justify;\">\u00abThe Marksman\u00bb, con un evidente aroma \u00abeastwoodiano\u00bb, presenta a Neeson como un ranchero en Arizona que lleva una vida tranquila, ya con su experiencia en la guerra de Vietnam muy lejos y con muy poco inter\u00e9s por lo que sucede al otro lado de la frontera.<\/p>\n<p style=\"text-align: justify;\">Pero su situaci\u00f3n cambia por completo cuando se encuentra con Rosa (Ruiz) y su hijo Miguel (P\u00e9rez), que han cruzado a EU huyendo de la violencia y de un letal criminal (Raba), y a los que tratar\u00e1 de ayudar para huir del peligro.<\/p>\n<p style=\"text-align: justify;\">Pregunta: En los \u00faltimos a\u00f1os se ha convertido en un experto del cine de acci\u00f3n. Cuando ley\u00f3 el guion de \u00abThe Marksman\u00bb, \u00bfqu\u00e9 encontr\u00f3 diferente respecto a otras pel\u00edculas del g\u00e9nero?<\/p>\n<p style=\"text-align: justify;\">Respuesta: Bueno, creo que el tema en cuesti\u00f3n de la pel\u00edcula es muy de actualidad con todos los horrores que han estado sucediendo en la frontera con M\u00e9xico en los \u00faltimos tres o cuatro a\u00f1os. Soy embajador de buena voluntad de UNICEF y la historia me conmovi\u00f3 en ese sentido.<\/p>\n<p style=\"text-align: justify;\">Sent\u00ed que esta es una cinta que es clarividente y que tambi\u00e9n va sobre dos personas que ser\u00edan solo estad\u00edsticas, pero que son de carne y hueso, que son seres humanos con coraz\u00f3n y ambiciones.<\/p>\n<p style=\"text-align: justify;\">La madre tiene un compromiso con su hijo, y est\u00e1n intentando escapar de la violencia extrema en su propio pa\u00eds, en su propio pueblo.<\/p>\n<p style=\"text-align: justify;\">En cuanto a mi personaje, es muy reservado.<\/p>\n<p style=\"text-align: justify;\">Pens\u00e9 que era algo as\u00ed como una historia de amor y me atrajo mucho. Cre\u00ed que estaba hermosamente escrita. Es parte w\u00e9stern y tambi\u00e9n parte \u00abroad-movie\u00bb (pel\u00edcula de carretera). No tuve que pensarlo nada tras leerla. Pens\u00e9: \u00abS\u00ed, realmente debo hacer esto\u00bb.<\/p>\n<p style=\"text-align: justify;\">Y me record\u00f3 a algunas de las pel\u00edculas de Clint Eastwood de principios de los a\u00f1os 80.<\/p>\n<p style=\"text-align: justify;\">P: Ha sido un gran cr\u00edtico del presidente estadounidense, Donald Trump. \u00bfQu\u00e9 espera de las pol\u00edticas de Joe Biden en cuanto a inmigraci\u00f3n y la frontera?<\/p>\n<p style=\"text-align: justify;\">R: Las personas tienen que ser tratadas como seres humanos.<\/p>\n<p style=\"text-align: justify;\">No me quiero meter en todo un rollo pol\u00edtico, pero creo que las pol\u00edticas \u00abtrumpistas\u00bb en los \u00faltimos tres a\u00f1os han sido una abominaci\u00f3n.<\/p>\n<p style=\"text-align: justify;\">Hay todav\u00eda 495 ni\u00f1os que faltan y que est\u00e1n separados de sus padres (la Uni\u00f3n Americana de Libertades Civiles ACLU dijo en octubre que eran 545 los menores que todav\u00eda no se hab\u00edan reunido con sus familias).<\/p>\n<p style=\"text-align: justify;\">Es simplemente abrumador. Es inhumanidad.<\/p>\n<p style=\"text-align: justify;\">P: Ha colaborado con muchos actores latinos en esta pel\u00edcula. Uno de ellos es el colombiano Juan Pablo Raba. \u00bfC\u00f3mo fue trabajar con \u00e9l y medirse a \u00e9l en esta cinta?<\/p>\n<p style=\"text-align: justify;\">R: Oh, me encanta Juan Pablo&#8230; Nos convertimos en buenos colegas.<\/p>\n<p style=\"text-align: justify;\">\u00bfSabes? Le dio al villano (de la pel\u00edcula) estas otras capas y estos otros niveles que yo no hab\u00eda visto cuando le\u00ed el guion.<\/p>\n<p style=\"text-align: justify;\">No quiero destripar nada de la cinta, pero tenemos un enfrentamiento hacia el final. Y cuando vi la pel\u00edcula, le encontr\u00e9 muy conmovedor.<\/p>\n<p style=\"text-align: justify;\">Pens\u00e9 que este tipo (el personaje de Raba) hab\u00eda entrado en las pandillas cuando ten\u00eda la edad de Miguel, unos 10 u 11 a\u00f1os. Esta es la \u00fanica vida que ha conocido: no tuvo elecci\u00f3n.<\/p>\n<p style=\"text-align: justify;\">Cuando Juan Pablo dice eso realmente me puso l\u00e1grimas en los ojos, de verdad. Especialmente cuando hicimos esa escena \u00e9ramos solo dos hombres que eran soldados, en puntos opuestos respecto al otro, en lados opuestos, pero hab\u00eda respeto ah\u00ed.<\/p>\n<p style=\"text-align: justify;\">Y Juan Pablo es tan buen actor que fue capaz de poner esas capas en el personaje: no fue simplemente un villano.<\/p>\n","protected":false},"excerpt":{"rendered":"<p>LOS \u00c1NGELES. | 13 de enero de 2021. ] Efe. Una de las transformaciones m\u00e1s singulares del cine en los \u00faltimos a\u00f1os es la tard\u00eda conversi\u00f3n en una estrella de la acci\u00f3n de Liam Neeson, que ahora presenta el thriller fronterizo \u00abThe Marksman\u00bb y que no se cort\u00f3 a la hora de atacar las ideas&#8230;<\/p>\n","protected":false},"author":2,"featured_media":1218797,"comment_status":"closed","ping_status":"closed","sticky":false,"template":"","format":"standard","meta":{"footnotes":""},"categories":[18578,1988],"tags":[7450,11926,13079],"class_list":["post-1218796","post","type-post","status-publish","format-standard","has-post-thumbnail","hentry","category-activismo","category-lifestyles","tag-donald-trump","tag-liam-neeson","tag-migracion-2"],"_links":{"self":[{"href":"https:\/\/www.acapulcopress.com\/index.php\/wp-json\/wp\/v2\/posts\/1218796","targetHints":{"allow":["GET"]}}],"collection":[{"href":"https:\/\/www.acapulcopress.com\/index.php\/wp-json\/wp\/v2\/posts"}],"about":[{"href":"https:\/\/www.acapulcopress.com\/index.php\/wp-json\/wp\/v2\/types\/post"}],"author":[{"embeddable":true,"href":"https:\/\/www.acapulcopress.com\/index.php\/wp-json\/wp\/v2\/users\/2"}],"replies":[{"embeddable":true,"href":"https:\/\/www.acapulcopress.com\/index.php\/wp-json\/wp\/v2\/comments?post=1218796"}],"version-history":[{"count":0,"href":"https:\/\/www.acapulcopress.com\/index.php\/wp-json\/wp\/v2\/posts\/1218796\/revisions"}],"wp:featuredmedia":[{"embeddable":true,"href":"https:\/\/www.acapulcopress.com\/index.php\/wp-json\/"}],"wp:attachment":[{"href":"https:\/\/www.acapulcopress.com\/index.php\/wp-json\/wp\/v2\/media?parent=1218796"}],"wp:term":[{"taxonomy":"category","embeddable":true,"href":"https:\/\/www.acapulcopress.com\/index.php\/wp-json\/wp\/v2\/categories?post=1218796"},{"taxonomy":"post_tag","embeddable":true,"href":"https:\/\/www.acapulcopress.com\/index.php\/wp-json\/wp\/v2\/tags?post=1218796"}],"curies":[{"name":"wp","href":"https:\/\/api.w.org\/{rel}","templated":true}]}}