{"id":1218840,"date":"2021-01-14T20:04:12","date_gmt":"2021-01-15T02:04:12","guid":{"rendered":"https:\/\/www.acapulcopress.com\/?p=1218840"},"modified":"2021-01-14T20:04:12","modified_gmt":"2021-01-15T02:04:12","slug":"sedeco-y-difgro-venderan-productos-guerrerenses-en-mercado-libre","status":"publish","type":"post","link":"https:\/\/www.acapulcopress.com\/index.php\/2021\/01\/14\/sedeco-y-difgro-venderan-productos-guerrerenses-en-mercado-libre\/","title":{"rendered":"Sedeco y DIFGro vender\u00e1n productos guerrerenses en Mercado Libre"},"content":{"rendered":"<p style=\"text-align: justify;\">CHILPANCINGO. | 14 de enero de 2021.<br \/>\n<em>] Gobierno de Guerrero.<\/em><\/p>\n<p style=\"text-align: justify;\">M\u00e1s de 80 art\u00edculos de 40 empresas guerrerenses comenzar\u00e1n a ofertarse a trav\u00e9s de la plataforma digital Mercado Libre gracias a la Firma de convenio establecida por el gobierno del estado y la empresa argentina, lo que permitir\u00e1 la reactivaci\u00f3n econ\u00f3mica y generaci\u00f3n de nuevos empleos.<\/p>\n<p style=\"text-align: justify;\">Los productos que se podr\u00e1n encontrar son: salsas, mermeladas, pulpas, productos derivados del coco, mezcal, cosm\u00e9ticos, art\u00edculos de plata, sombreros, textiles y cajitas de Olinal\u00e1.<\/p>\n<p style=\"text-align: justify;\">Al atestiguar la firma de convenio, la presidenta del DIF Guerrero, Mercedes Calvo de Astudillo, asever\u00f3 que esta firma es un paso muy importante que abre nuevas posibilidades de comercializaci\u00f3n para productores del estado.<\/p>\n<p style=\"text-align: justify;\">\u201cA trav\u00e9s de la tecnolog\u00eda se dar\u00e1 la reactivaci\u00f3n econ\u00f3mica y la generaci\u00f3n de empleos\u201d.<\/p>\n<p style=\"text-align: justify;\">Reconoci\u00f3 el trabajo del Secretario de Fomento y Desarrollo Econ\u00f3mico, \u00c1lvaro Burgos Barrera que ha sido pieza fundamental para actualizar a los artesanos y productores guerrerenses y que Guerrero este a la vanguardia para dar alternativas a nuestra gente.<\/p>\n<p style=\"text-align: justify;\"><img loading=\"lazy\" decoding=\"async\" class=\"alignleft size-medium wp-image-1218843\" src=\"https:\/\/www.acapulco.press\/wp-content\/uploads\/2021\/01\/MERCADO-LIBRE-375x250.jpeg\" alt=\"\" width=\"375\" height=\"250\" \/>Este proceso es muy necesario por la pandemia que se vive para que pueda darse la capacitaci\u00f3n que la empresa <em>Mercado Libre<\/em> proporcionar\u00e1 como parte de la firma de convenio.<\/p>\n<p style=\"text-align: justify;\">En su intervenci\u00f3n la directora de Relaciones con Gobierno y Pol\u00edticas P\u00fablicas de<em> Mercado Libre,<\/em> Aleida Orozco, agradeci\u00f3 al Gobierno del Estado la confianza para abrir la comercializaci\u00f3n a trav\u00e9s de esta plataforma digital que permitir\u00e1 vender productos a nivel nacional.<\/p>\n<p style=\"text-align: justify;\">Mencion\u00f3 que la pandemia generada por Covid-19 aceler\u00f3 el proceso de digitalizaci\u00f3n de peque\u00f1as y medianas empresas y ha representado un espacio de crecimiento y expansi\u00f3n por lo que no dudo que ocurra lo mismo con los productores guerrerenses.<\/p>\n<p style=\"text-align: justify;\">Por su parte el titular de la Secretar\u00eda de Fomento y Desarrollo Econ\u00f3mico, \u00c1lvaro Burgos Barrera, inform\u00f3 que en breve se lanzar\u00e1 una convocatoria con el objetivo de captar nuevos productores y artesanos para que empiecen a comercializar a trav\u00e9s de la plataforma.<\/p>\n<p style=\"text-align: justify;\">Indic\u00f3 que ha cinco a\u00f1os de gobierno se ha logrado consolidar la venta de 300 art\u00edculos de 100 productores en puntos de venta como<em> Oxxo, Soriana, Orgullo Guerrero<\/em> y tiendas oficiales \u201cAs\u00ed es Guerrero\u201d.<\/p>\n<p style=\"text-align: justify;\"><em>Mercado Libre<\/em> es una empresa argentina dedicada a compras, ventas y pagos por Internet. Cuenta con operaciones en pa\u00edses como Bolivia, Brasil, Chile, Colombia, Costa Rica, Ecuador, Guatemala, M\u00e9xico, Nicaragua, Panam\u00e1, Per\u00fa, Paraguay, El Salvador, Rep\u00fablica Dominicana, Uruguay, Canad\u00e1, Honduras y Venezuela.<\/p>\n","protected":false},"excerpt":{"rendered":"<p>CHILPANCINGO. | 14 de enero de 2021. ] Gobierno de Guerrero. M\u00e1s de 80 art\u00edculos de 40 empresas guerrerenses comenzar\u00e1n a ofertarse a trav\u00e9s de la plataforma digital Mercado Libre gracias a la Firma de convenio establecida por el gobierno del estado y la empresa argentina, lo que permitir\u00e1 la reactivaci\u00f3n econ\u00f3mica y generaci\u00f3n de&#8230;<\/p>\n","protected":false},"author":2,"featured_media":1218842,"comment_status":"closed","ping_status":"closed","sticky":false,"template":"","format":"standard","meta":{"footnotes":""},"categories":[18573,1983],"tags":[3496,3733,7313,12931,12943,16325],"class_list":["post-1218840","post","type-post","status-publish","format-standard","has-post-thumbnail","hentry","category-goverment","category-guerrerogob","tag-aleida-orozco","tag-alvaro-burgos-barrera","tag-dif-guerrero","tag-mercado-libre","tag-mercedes-calvo-de-astudillo","tag-secretario-de-fomento-y-desarrollo-economico"],"_links":{"self":[{"href":"https:\/\/www.acapulcopress.com\/index.php\/wp-json\/wp\/v2\/posts\/1218840","targetHints":{"allow":["GET"]}}],"collection":[{"href":"https:\/\/www.acapulcopress.com\/index.php\/wp-json\/wp\/v2\/posts"}],"about":[{"href":"https:\/\/www.acapulcopress.com\/index.php\/wp-json\/wp\/v2\/types\/post"}],"author":[{"embeddable":true,"href":"https:\/\/www.acapulcopress.com\/index.php\/wp-json\/wp\/v2\/users\/2"}],"replies":[{"embeddable":true,"href":"https:\/\/www.acapulcopress.com\/index.php\/wp-json\/wp\/v2\/comments?post=1218840"}],"version-history":[{"count":0,"href":"https:\/\/www.acapulcopress.com\/index.php\/wp-json\/wp\/v2\/posts\/1218840\/revisions"}],"wp:featuredmedia":[{"embeddable":true,"href":"https:\/\/www.acapulcopress.com\/index.php\/wp-json\/"}],"wp:attachment":[{"href":"https:\/\/www.acapulcopress.com\/index.php\/wp-json\/wp\/v2\/media?parent=1218840"}],"wp:term":[{"taxonomy":"category","embeddable":true,"href":"https:\/\/www.acapulcopress.com\/index.php\/wp-json\/wp\/v2\/categories?post=1218840"},{"taxonomy":"post_tag","embeddable":true,"href":"https:\/\/www.acapulcopress.com\/index.php\/wp-json\/wp\/v2\/tags?post=1218840"}],"curies":[{"name":"wp","href":"https:\/\/api.w.org\/{rel}","templated":true}]}}