{"id":1218848,"date":"2021-01-14T20:24:21","date_gmt":"2021-01-15T02:24:21","guid":{"rendered":"https:\/\/www.acapulcopress.com\/?p=1218848"},"modified":"2021-01-14T20:24:21","modified_gmt":"2021-01-15T02:24:21","slug":"guerrero-se-mantiene-en-estados-con-disminucion-en-incidencia-delictiva","status":"publish","type":"post","link":"https:\/\/www.acapulcopress.com\/index.php\/2021\/01\/14\/guerrero-se-mantiene-en-estados-con-disminucion-en-incidencia-delictiva\/","title":{"rendered":"Guerrero se mantiene en estados con disminuci\u00f3n en incidencia delictiva"},"content":{"rendered":"<p style=\"text-align: justify;\">CHILPANCINGO. | 14 de enero de 2021.<br \/>\n<em>] Gobierno de Guerrero.<\/em><\/p>\n<p style=\"text-align: justify;\">El estado de Guerrero, mantiene una disminuci\u00f3n de m\u00e1s del 15 por ciento en incidencia delictiva en estos primeros d\u00edas de enero en comparaci\u00f3n con el mismo periodo de 2020, as\u00ed fue informado al gobernador H\u00e9ctor Astudillo Flores y a las autoridades civiles y militares de la Mesa de Coordinaci\u00f3n para la Construcci\u00f3n de la Paz que sesionaron como todos los d\u00edas, la ma\u00f1ana de este jueves, mientras que las estad\u00edsticas de la Federaci\u00f3n, tambi\u00e9n observan que esta entidad se encuentra fuera de los estados con mayor \u00edndice delictivo.<\/p>\n<p style=\"text-align: justify;\"><img loading=\"lazy\" decoding=\"async\" class=\"alignleft size-medium wp-image-1218849\" src=\"https:\/\/www.acapulco.press\/wp-content\/uploads\/2021\/01\/gro-mesa-paz-375x216.jpeg\" alt=\"\" width=\"375\" height=\"216\" \/>Durante la sesi\u00f3n virtual, H\u00e9ctor Astudillo Flores, destac\u00f3 que este de acuerdo a datos de la Secretar\u00eda de Seguridad y Protecci\u00f3n Ciudadana del Gobierno Federal, ubic\u00f3 a Guerrero en lugar 11 del listado, con lo que se aleja de los estados con mayores \u00edndices delictivos y reconoci\u00f3 el trabajo coordinado de las autoridades de la Mesa de Coordinaci\u00f3n Estatal, las mesas regionales con la participaci\u00f3n de los tres \u00f3rdenes de Gobierno.<\/p>\n<p style=\"text-align: justify;\">Al revisar la incidencia delictiva en el Estado de las \u00faltimas 24 horas, el Secretario de Seguridad P\u00fablica, David Portillo Menchaca, inform\u00f3 que el promedio de homicidios diarios se mantiene a la baja en comparaci\u00f3n con el a\u00f1o pasado con una tasa de 2.61 casos por d\u00eda durante los primeros 13 d\u00edas de este 2021 y una reducci\u00f3n de 15.78 por ciento en homicidios dolosos, en comparaci\u00f3n con 2020.<\/p>\n<p style=\"text-align: justify;\">Por su parte, el Fiscal General del Estado, Jorge Zuriel de los Santos Barrila, inform\u00f3 que se realizan las indagatorias ministeriales en los casos de homicidios registrados en la entidad a efecto de esclarecer los hechos y llevar a la justicia a los responsables de estos cr\u00edmenes.<\/p>\n<p style=\"text-align: justify;\">En la sesi\u00f3n de trabajo de la Mesa de Coordinaci\u00f3n Estatal, el gobernador, reconoci\u00f3 el trabajo de las fuerzas armadas de la Novena Regi\u00f3n Militar, en coordinaci\u00f3n con la Polic\u00eda del Estado para reforzar la seguridad y vigilancia de la zona Norte, lim\u00edtrofe con el Estado de M\u00e9xico, espec\u00edficamente en Tetipac y Pilcaya para contener e inhibir las actividades de grupos delictivos y mantener la libre circulaci\u00f3n de las vialidades que comunican al Estado de M\u00e9xico con Guerrero.<\/p>\n<p style=\"text-align: justify;\">Adem\u00e1s, H\u00e9ctor Astudillo y los integrantes de la Mesa de Coordinaci\u00f3n para la Construcci\u00f3n de la Paz, dieron seguimiento a la log\u00edstica para la visita del Presidente de la Rep\u00fablica, Andr\u00e9s Manuel L\u00f3pez en la Costa Grande de Guerrero durante este fin de semana.<\/p>\n<p style=\"text-align: justify;\">En seguimiento al proceso de vacunaci\u00f3n contra el COVID-19, el secretario de Salud, Carlos de la Pe\u00f1a Pintos, puntualiz\u00f3 que estas primeras dosis enviadas por la federaci\u00f3n, ser\u00e1n aplicadas \u00fanica y exclusivamente a personal m\u00e9dico que se entra en primera l\u00ednea de atenci\u00f3n en los hospitales COVID-19, y posteriormente al resto de los trabajadores del sector salud.<\/p>\n<p style=\"text-align: justify;\">De la Pe\u00f1a Pintos, destac\u00f3 la coordinaci\u00f3n del gobernador con la Secretar\u00eda de la Defensa Nacional y la Guardia Nacional para lograr la distribuci\u00f3n de las vacunas contra el COVID-19 y su aplicaci\u00f3n sin incidencias en Guerrero.<\/p>\n<p style=\"text-align: justify;\">Adem\u00e1s, el mandatario estatal instruy\u00f3 al Secretario de Salud, Carlos de la Pe\u00f1a Pintos, reforzar la estrategia y la atenci\u00f3n hospitalaria en el municipio de Taxco de Alarc\u00f3n y la zona Norte donde se ha incrementado el n\u00famero de contagios y la ocupaci\u00f3n de camas, por lo que reiter\u00f3 su llamado a la poblaci\u00f3n a cuidarse y cuidar a su familia.<\/p>\n<p style=\"text-align: justify;\">Estuvieron presentes el secretario general de Gobierno, Florencio Salazar Adame; el comandante de la Novena Regi\u00f3n Militar, Eufemio Ibarra Flores; el comandante de la Octava Regi\u00f3n Naval, Francisco Limas L\u00f3pez; el comandante de la 27 zona Militar, Federico San Juan Rosales; el comandante de la 35 zona Militar, Miguel \u00c1ngel Aguirre Lara; el Coordinador Estatal de la Guardia Nacional, Lucio Vergara G\u00f3mez, as\u00ed como Alejandro Bravo Abarca, jefe de la Oficina del Gobernador.<\/p>\n<p style=\"text-align: justify;\">Tambi\u00e9n, el Presidente de la Comisi\u00f3n de los Derechos Humanos, Ram\u00f3n Navarrete Magdaleno; el Delegado de la FGR, Fernando Garc\u00eda Fern\u00e1ndez; el Delegado Federal en Guerrero, Iv\u00e1n Hern\u00e1ndez D\u00edaz; el Representante del Centro Nacional de Inteligencia; el Presidente de Coparmex Chilpancingo, Joel Moreno Temelo; el Secretario T\u00e9cnico, Hermes Teodoro Gonz\u00e1lez; el Subsecretario de Asuntos Pol\u00edticos, Mart\u00edn Maldonado del Moral, entre otros funcionarios estatales y federales.<\/p>\n","protected":false},"excerpt":{"rendered":"<p>CHILPANCINGO. | 14 de enero de 2021. ] Gobierno de Guerrero. El estado de Guerrero, mantiene una disminuci\u00f3n de m\u00e1s del 15 por ciento en incidencia delictiva en estos primeros d\u00edas de enero en comparaci\u00f3n con el mismo periodo de 2020, as\u00ed fue informado al gobernador H\u00e9ctor Astudillo Flores y a las autoridades civiles y&#8230;<\/p>\n","protected":false},"author":2,"featured_media":1218850,"comment_status":"closed","ping_status":"closed","sticky":false,"template":"","format":"standard","meta":{"footnotes":""},"categories":[18573,1983],"tags":[6705,9302,9705,12964,16421],"class_list":["post-1218848","post","type-post","status-publish","format-standard","has-post-thumbnail","hentry","category-goverment","category-guerrerogob","tag-covid19","tag-gobierno-de-guerrero","tag-hector-astudillo-flores","tag-mesa-de-coordinacion-para-la-construccion-de-la-paz","tag-semaforo-de-riesgo-covid19"],"_links":{"self":[{"href":"https:\/\/www.acapulcopress.com\/index.php\/wp-json\/wp\/v2\/posts\/1218848","targetHints":{"allow":["GET"]}}],"collection":[{"href":"https:\/\/www.acapulcopress.com\/index.php\/wp-json\/wp\/v2\/posts"}],"about":[{"href":"https:\/\/www.acapulcopress.com\/index.php\/wp-json\/wp\/v2\/types\/post"}],"author":[{"embeddable":true,"href":"https:\/\/www.acapulcopress.com\/index.php\/wp-json\/wp\/v2\/users\/2"}],"replies":[{"embeddable":true,"href":"https:\/\/www.acapulcopress.com\/index.php\/wp-json\/wp\/v2\/comments?post=1218848"}],"version-history":[{"count":0,"href":"https:\/\/www.acapulcopress.com\/index.php\/wp-json\/wp\/v2\/posts\/1218848\/revisions"}],"wp:featuredmedia":[{"embeddable":true,"href":"https:\/\/www.acapulcopress.com\/index.php\/wp-json\/"}],"wp:attachment":[{"href":"https:\/\/www.acapulcopress.com\/index.php\/wp-json\/wp\/v2\/media?parent=1218848"}],"wp:term":[{"taxonomy":"category","embeddable":true,"href":"https:\/\/www.acapulcopress.com\/index.php\/wp-json\/wp\/v2\/categories?post=1218848"},{"taxonomy":"post_tag","embeddable":true,"href":"https:\/\/www.acapulcopress.com\/index.php\/wp-json\/wp\/v2\/tags?post=1218848"}],"curies":[{"name":"wp","href":"https:\/\/api.w.org\/{rel}","templated":true}]}}