{"id":1218860,"date":"2021-01-14T20:35:02","date_gmt":"2021-01-15T02:35:02","guid":{"rendered":"https:\/\/www.acapulcopress.com\/?p=1218860"},"modified":"2021-01-14T20:35:02","modified_gmt":"2021-01-15T02:35:02","slug":"se-compromete-victor-aguirre-a-priorizar-servicios-publicos-de-acapulco","status":"publish","type":"post","link":"https:\/\/www.acapulcopress.com\/index.php\/2021\/01\/14\/se-compromete-victor-aguirre-a-priorizar-servicios-publicos-de-acapulco\/","title":{"rendered":"Se compromete V\u00edctor Aguirre a priorizar servicios p\u00fablicos de Acapulco"},"content":{"rendered":"<p style=\"text-align: justify;\">ACAPULCO. | 14 de enero de 2021.<br \/>\n<em>] Especial.<\/em><\/p>\n<p style=\"text-align: justify;\">Los servicios p\u00fablicos sigue siendo unos de los temas de mayor preocupaci\u00f3n para los acapulque\u00f1os y eso amerita <img loading=\"lazy\" decoding=\"async\" class=\"alignleft size-medium wp-image-1218853\" src=\"https:\/\/www.acapulco.press\/wp-content\/uploads\/2021\/01\/VAA-JOVENES-4-375x250.jpg\" alt=\"\" width=\"375\" height=\"250\" \/>implementar alternativas que atiendan desde la base del tema, as\u00ed lo manifest\u00f3 V\u00edctor Aguirre Alcaide en su visita a la Colonia de San Miguel.<\/p>\n<p style=\"text-align: justify;\">\u00abEs necesario garantizar agua potable, pavimentaci\u00f3n de calles, alumbrado p\u00fablico y seguridad, recolecci\u00f3n de basura en las colonias y barrios de Acapulco\u00bb.<\/p>\n<p style=\"text-align: justify;\">Al sostener un di\u00e1logo con ciudadanos y ciudadanas de la Colonia San Miguel y SINAI este jueves, preciso que es momento de atender y escuchar las demandas y necesidades de la sociedad, por lo que, dijo que Acapulco merece un <img loading=\"lazy\" decoding=\"async\" class=\"alignleft size-medium wp-image-1218855\" src=\"https:\/\/www.acapulco.press\/wp-content\/uploads\/2021\/01\/VAA-JOVENES-375x252.jpg\" alt=\"\" width=\"375\" height=\"252\" \/>gobierno responsable y garantice gobernabilidad.<\/p>\n<p style=\"text-align: justify;\">El presidente de la Asociaci\u00f3n Civil \u00abPor Acapulco, Hagamos M\u00e1s\u00bb, afirm\u00f3 que es momento de cerrar filas y sumarse a su proyecto, para mejorar la estabilidad de vida en las colonias del puerto.<\/p>\n<p style=\"text-align: justify;\">\u00abTenemos la oportunidad de hacer la diferencia en la funci\u00f3n p\u00fablica, porque tenemos experiencia y damos resultados, lo har\u00e9 por mi amor a Acapulco\u00bb, expres\u00f3.<\/p>\n<p style=\"text-align: justify;\">Tambi\u00e9n, en su visita a la cancha del sector 6 de la Colonia Zapata, d\u00f3nde se reuni\u00f3 con j\u00f3venes, qui\u00e9n escucho sus <img loading=\"lazy\" decoding=\"async\" class=\"alignleft size-medium wp-image-1218852\" src=\"https:\/\/www.acapulco.press\/wp-content\/uploads\/2021\/01\/VAA-JOVENES-3-375x250.jpg\" alt=\"\" width=\"375\" height=\"250\" \/>demandas, con el objetivo de mejorar su entorno social.<\/p>\n<p>\u00abLos j\u00f3venes son los aliados del progreso y desarrollo de nuestro entorno, para garantizar una estabilidad de vida en beneficio de la sociedad en general\u00bb, finaliz\u00f3.<\/p>\n<p style=\"text-align: justify;\">El presidente de la A.C. estuvo acompa\u00f1ando Navor Garc\u00eda, precandidato del PRD a diputado local del 06, la precandidata del PRD a diputada federal del 09, el ex regidor y diputado, Wulfrano Salgado y otros.<\/p>\n","protected":false},"excerpt":{"rendered":"<p>ACAPULCO. | 14 de enero de 2021. ] Especial. Los servicios p\u00fablicos sigue siendo unos de los temas de mayor preocupaci\u00f3n para los acapulque\u00f1os y eso amerita implementar alternativas que atiendan desde la base del tema, as\u00ed lo manifest\u00f3 V\u00edctor Aguirre Alcaide en su visita a la Colonia de San Miguel. \u00abEs necesario garantizar agua&#8230;<\/p>\n","protected":false},"author":2,"featured_media":1218851,"comment_status":"closed","ping_status":"closed","sticky":false,"template":"","format":"standard","meta":{"footnotes":""},"categories":[2024,18561],"tags":[3159,17843],"class_list":["post-1218860","post","type-post","status-publish","format-standard","has-post-thumbnail","hentry","category-politica-activism","category-society-politics","tag-acapulco-2021","tag-victor-aguirre-alcaide"],"_links":{"self":[{"href":"https:\/\/www.acapulcopress.com\/index.php\/wp-json\/wp\/v2\/posts\/1218860","targetHints":{"allow":["GET"]}}],"collection":[{"href":"https:\/\/www.acapulcopress.com\/index.php\/wp-json\/wp\/v2\/posts"}],"about":[{"href":"https:\/\/www.acapulcopress.com\/index.php\/wp-json\/wp\/v2\/types\/post"}],"author":[{"embeddable":true,"href":"https:\/\/www.acapulcopress.com\/index.php\/wp-json\/wp\/v2\/users\/2"}],"replies":[{"embeddable":true,"href":"https:\/\/www.acapulcopress.com\/index.php\/wp-json\/wp\/v2\/comments?post=1218860"}],"version-history":[{"count":0,"href":"https:\/\/www.acapulcopress.com\/index.php\/wp-json\/wp\/v2\/posts\/1218860\/revisions"}],"wp:featuredmedia":[{"embeddable":true,"href":"https:\/\/www.acapulcopress.com\/index.php\/wp-json\/"}],"wp:attachment":[{"href":"https:\/\/www.acapulcopress.com\/index.php\/wp-json\/wp\/v2\/media?parent=1218860"}],"wp:term":[{"taxonomy":"category","embeddable":true,"href":"https:\/\/www.acapulcopress.com\/index.php\/wp-json\/wp\/v2\/categories?post=1218860"},{"taxonomy":"post_tag","embeddable":true,"href":"https:\/\/www.acapulcopress.com\/index.php\/wp-json\/wp\/v2\/tags?post=1218860"}],"curies":[{"name":"wp","href":"https:\/\/api.w.org\/{rel}","templated":true}]}}