{"id":1218866,"date":"2021-01-14T21:26:07","date_gmt":"2021-01-15T03:26:07","guid":{"rendered":"https:\/\/www.acapulcopress.com\/?p=1218866"},"modified":"2021-01-14T21:26:07","modified_gmt":"2021-01-15T03:26:07","slug":"caso-felix-salgado-promete-fge-actuar-con-estricto-apego-a-derecho","status":"publish","type":"post","link":"https:\/\/www.acapulcopress.com\/index.php\/2021\/01\/14\/caso-felix-salgado-promete-fge-actuar-con-estricto-apego-a-derecho\/","title":{"rendered":"Caso F\u00e9lix Salgado | Promete FGE actuar con estricto apego a derecho"},"content":{"rendered":"<p style=\"text-align: justify;\"><em><strong>*\u00a0 Por los detalles que contiene la carpeta divulgada por el ex fiscal general de Guerrero, Javier Olea Pel\u00e1ez, el pron\u00f3stico luce no favorable para el precandidato de Morena a la Gubernatura del Estado.<\/strong><\/em><\/p>\n<p style=\"text-align: justify;\"><strong>\u00bb\u00a0 \u00c1ngel Blanco.<\/strong><br \/>\nCHILPANCINGO. | 14 de enero de 2021.<br \/>\n<em>] Acapulco Press \/ Redacci\u00f3n.<\/em><\/p>\n<p style=\"text-align: justify;\">La Fiscal\u00eda General del Estado (FGE) inform\u00f3 este d\u00eda la recepci\u00f3n de parte de la Fiscal\u00eda General de la Rep\u00fablica (FGR) la carpeta de investigaci\u00f3n que involucra al precandidato de Morena al Gobierno de Guerrero, F\u00e9lix de Jes\u00fas Salgado Macedonio, en un delito de violencia sexual \u00abdolosa\u00bb cometido contra una mujer, cuya identidad se mantiene reservada, ocurrido en diciembre d 2016, mientras el acusado se desempe\u00f1aba como director general del peri\u00f3dico <em>La Jornada Guerrero.<\/em><\/p>\n<p style=\"text-align: justify;\">FGE inform\u00f3, a trav\u00e9s de un comunicado, que para los efectos subsiguientes, ya fue notificada la presunta v\u00edctima en en el domicilio procesal que obra en el expediente de 45 fojas con todos los detalles y testimoniales del caso, para efecto de brindarle asistencia psicol\u00f3gica, jur\u00eddica y medidas cautelares, dada la situaci\u00f3n a que fue expuesta al darse a conocer p\u00fablicamente y de manera dolosa las copias de la carpeta investigativa.<\/p>\n<p style=\"text-align: justify;\">La resoluci\u00f3n de la Carpeta de Investigaci\u00f3n 12030270100002020117 ser\u00e1 decisiva en las aspiraciones pol\u00edticas de F\u00e9lix Salgado, acusado de \u00abprobable comisi\u00f3n de delito de violaci\u00f3n\u00bb.<\/p>\n<p style=\"text-align: justify;\">Por los detalles que contiene la carpeta divulgada por el ex fiscal general de Guerrero, Javier Olea Pel\u00e1ez, a la cual <em>Acapulco Press<\/em> tuvo acceso y la propia Comisi\u00f3n Nacional de Honestidad y Justicia (CNHJ) de Morena avala, el pron\u00f3stico luce no favorable para el precandidato de Morena a la Gubernatura del Estado, debido a que la Fiscal\u00eda General de Guerrero, cuyo titular actual el Mtro. Jorge Zuriel de los Santos Barrila, promete estudiar, analizar y actuar el caso \u00abestricto derecho\u00bb y protecci\u00f3n de los derechos humanos de la v\u00edctima.<br \/>\nwww<strong>.acapulcopress.<\/strong>com<\/p>\n","protected":false},"excerpt":{"rendered":"<p>*\u00a0 Por los detalles que contiene la carpeta divulgada por el ex fiscal general de Guerrero, Javier Olea Pel\u00e1ez, el pron\u00f3stico luce no favorable para el precandidato de Morena a la Gubernatura del Estado. \u00bb\u00a0 \u00c1ngel Blanco. CHILPANCINGO. | 14 de enero de 2021. ] Acapulco Press \/ Redacci\u00f3n. La Fiscal\u00eda General del Estado (FGE)&#8230;<\/p>\n","protected":false},"author":2,"featured_media":1218871,"comment_status":"closed","ping_status":"closed","sticky":false,"template":"","format":"standard","meta":{"footnotes":""},"categories":[2024,1972,18561,18577],"tags":[6178,8460,8691,8696,10634,13297],"class_list":["post-1218866","post","type-post","status-publish","format-standard","has-post-thumbnail","hentry","category-politica-activism","category-special","category-society-politics","category-politica-la-foto","tag-comision-nacional-de-honestidad-y-justicia-de-morena-cnhj","tag-felix-de-jesus-salgado-macedonio","tag-fiscalia-general-de-la-republica-fgr","tag-fiscalia-general-del-estado-fge","tag-javier-olea-pelaez","tag-morena"],"_links":{"self":[{"href":"https:\/\/www.acapulcopress.com\/index.php\/wp-json\/wp\/v2\/posts\/1218866","targetHints":{"allow":["GET"]}}],"collection":[{"href":"https:\/\/www.acapulcopress.com\/index.php\/wp-json\/wp\/v2\/posts"}],"about":[{"href":"https:\/\/www.acapulcopress.com\/index.php\/wp-json\/wp\/v2\/types\/post"}],"author":[{"embeddable":true,"href":"https:\/\/www.acapulcopress.com\/index.php\/wp-json\/wp\/v2\/users\/2"}],"replies":[{"embeddable":true,"href":"https:\/\/www.acapulcopress.com\/index.php\/wp-json\/wp\/v2\/comments?post=1218866"}],"version-history":[{"count":0,"href":"https:\/\/www.acapulcopress.com\/index.php\/wp-json\/wp\/v2\/posts\/1218866\/revisions"}],"wp:featuredmedia":[{"embeddable":true,"href":"https:\/\/www.acapulcopress.com\/index.php\/wp-json\/"}],"wp:attachment":[{"href":"https:\/\/www.acapulcopress.com\/index.php\/wp-json\/wp\/v2\/media?parent=1218866"}],"wp:term":[{"taxonomy":"category","embeddable":true,"href":"https:\/\/www.acapulcopress.com\/index.php\/wp-json\/wp\/v2\/categories?post=1218866"},{"taxonomy":"post_tag","embeddable":true,"href":"https:\/\/www.acapulcopress.com\/index.php\/wp-json\/wp\/v2\/tags?post=1218866"}],"curies":[{"name":"wp","href":"https:\/\/api.w.org\/{rel}","templated":true}]}}