{"id":1218880,"date":"2021-01-14T21:56:42","date_gmt":"2021-01-15T03:56:42","guid":{"rendered":"https:\/\/www.acapulcopress.com\/?p=1218880"},"modified":"2021-01-14T21:56:42","modified_gmt":"2021-01-15T03:56:42","slug":"mario-moreno-arcos-presidente-de-la-conferencia-de-honor-del-pri","status":"publish","type":"post","link":"https:\/\/www.acapulcopress.com\/index.php\/2021\/01\/14\/mario-moreno-arcos-presidente-de-la-conferencia-de-honor-del-pri\/","title":{"rendered":"Mario Moreno Arcos, Presidente de la Conferencia de Honor del PRI"},"content":{"rendered":"<p style=\"text-align: justify;\">ACAPULCO. | 14 de enero de 2021.<br \/>\n<em>] Prensa PRIGro..<\/em><\/p>\n<p style=\"text-align: justify;\">En la Sala de Juntas Jos\u00e9 Francisco Ru\u00edz Massieu del CDE del PRI Gro., el presidente Esteban Albarr\u00e1n Mendoza, acompa\u00f1ado de la Secretaria General del partido, Gabriela Bernal Res\u00e9ndiz, hizo entrega al precandidato a la <img loading=\"lazy\" decoding=\"async\" class=\"alignleft size-medium wp-image-1218881\" src=\"https:\/\/www.acapulco.press\/wp-content\/uploads\/2021\/01\/MARIO-MORENO-ARCOS-1-375x285.jpg\" alt=\"\" width=\"375\" height=\"285\" \/>gubernatura Mario Moreno Arcos, el nombramiento que lo acredita como Presidente de la Conferencia de Honor, con el prop\u00f3sito de asumir la coordinaci\u00f3n estatal de participaci\u00f3n y vinculaci\u00f3n con la militancia y con ello, enarbolar las luchas electorales del partido.<\/p>\n<p style=\"text-align: justify;\">Cabe agregar, que esta Conferencia de Honor, est\u00e1 reglamentada en los estatutos del Revolucionario Institucional, y que est\u00e1 encabezada por destacadas y destacados priistas que se hayan desempe\u00f1ado en tareas de representaci\u00f3n popular, dirigencia, servicio p\u00fablico, legislativas o acad\u00e9micas y que se hayan significado por su compromiso con las luchas hist\u00f3ricas partidistas, a fin de aprovechar su valiosa experiencia, en beneficio del partido.<\/p>\n<p style=\"text-align: justify;\">La entrega de esta distinci\u00f3n, se dio en el marco de la presencia del precandidato priista a la gubernatura Mario Moreno Arcos, a la sede estatal del partido, donde sostuvo reuniones, con integrantes de la estructura del Comit\u00e9 Directivo Estatal, as\u00ed como con dirigentes de sectores, organizaciones y comisiones especiales filiales a este instituto pol\u00edtico.<\/p>\n<p style=\"text-align: justify;\">La secretaria general, Gabriela Bernal Res\u00e9ndiz, fue la encargada de darle la bienvenida al precandidato priista; posteriormente, el presidente Esteban Albarr\u00e1n, present\u00f3 a Mario Moreno Arcos la estructura integrada por las y los secretarios, as\u00ed como por los dirigentes de los sectores, organizaciones, y los presidentes de las comisiones especiales, que conforman el conjunto del PRI estatal.<\/p>\n<p style=\"text-align: justify;\">Ante el precandidato Mario Moreno y el presidente de la CEPI, el Dip. Heriberto Huicochea V\u00e1zquez, Albarr\u00e1n Mendoza refiri\u00f3 que los integrantes del Comit\u00e9 cuentan con una amplia experiencia en los rubros de que se ocupan cada uno de ellos, y que han participado en distintos procesos electorales desde hace ya muchos a\u00f1os, por lo cual saben cu\u00e1l es la tarea que est\u00e1 por venir y que est\u00e1n preparados para ello, poniendo toda su disposici\u00f3n, compromiso partidista y alto sentido de responsabilidad.<\/p>\n","protected":false},"excerpt":{"rendered":"<p>ACAPULCO. | 14 de enero de 2021. ] Prensa PRIGro.. En la Sala de Juntas Jos\u00e9 Francisco Ru\u00edz Massieu del CDE del PRI Gro., el presidente Esteban Albarr\u00e1n Mendoza, acompa\u00f1ado de la Secretaria General del partido, Gabriela Bernal Res\u00e9ndiz, hizo entrega al precandidato a la gubernatura Mario Moreno Arcos, el nombramiento que lo acredita como&#8230;<\/p>\n","protected":false},"author":2,"featured_media":1218882,"comment_status":"closed","ping_status":"closed","sticky":false,"template":"","format":"standard","meta":{"footnotes":""},"categories":[2024,18561],"tags":[8170,9062,12685,14916],"class_list":["post-1218880","post","type-post","status-publish","format-standard","has-post-thumbnail","hentry","category-politica-activism","category-society-politics","tag-esteban-albarran-mendoza","tag-gabriela-bernal-resendiz","tag-mario-moreno-arcos","tag-pri-guerrero"],"_links":{"self":[{"href":"https:\/\/www.acapulcopress.com\/index.php\/wp-json\/wp\/v2\/posts\/1218880","targetHints":{"allow":["GET"]}}],"collection":[{"href":"https:\/\/www.acapulcopress.com\/index.php\/wp-json\/wp\/v2\/posts"}],"about":[{"href":"https:\/\/www.acapulcopress.com\/index.php\/wp-json\/wp\/v2\/types\/post"}],"author":[{"embeddable":true,"href":"https:\/\/www.acapulcopress.com\/index.php\/wp-json\/wp\/v2\/users\/2"}],"replies":[{"embeddable":true,"href":"https:\/\/www.acapulcopress.com\/index.php\/wp-json\/wp\/v2\/comments?post=1218880"}],"version-history":[{"count":0,"href":"https:\/\/www.acapulcopress.com\/index.php\/wp-json\/wp\/v2\/posts\/1218880\/revisions"}],"wp:featuredmedia":[{"embeddable":true,"href":"https:\/\/www.acapulcopress.com\/index.php\/wp-json\/"}],"wp:attachment":[{"href":"https:\/\/www.acapulcopress.com\/index.php\/wp-json\/wp\/v2\/media?parent=1218880"}],"wp:term":[{"taxonomy":"category","embeddable":true,"href":"https:\/\/www.acapulcopress.com\/index.php\/wp-json\/wp\/v2\/categories?post=1218880"},{"taxonomy":"post_tag","embeddable":true,"href":"https:\/\/www.acapulcopress.com\/index.php\/wp-json\/wp\/v2\/tags?post=1218880"}],"curies":[{"name":"wp","href":"https:\/\/api.w.org\/{rel}","templated":true}]}}