{"id":1218896,"date":"2021-01-14T23:04:16","date_gmt":"2021-01-15T05:04:16","guid":{"rendered":"https:\/\/www.acapulcopress.com\/?p=1218896"},"modified":"2021-01-14T23:04:16","modified_gmt":"2021-01-15T05:04:16","slug":"vacunacion-covid19-incluye-a-personal-medico-de-hospitales-privados-amlo","status":"publish","type":"post","link":"https:\/\/www.acapulcopress.com\/index.php\/2021\/01\/14\/vacunacion-covid19-incluye-a-personal-medico-de-hospitales-privados-amlo\/","title":{"rendered":"Vacunaci\u00f3n Covid19 incluye a personal m\u00e9dico de hospitales privados | AMLO"},"content":{"rendered":"<p style=\"text-align: justify;\">CIUDAD DE M\u00c9XICO. | 14 de enero de 2021.<br \/>\n<em>] Gobierno de M\u00e9xico.<\/em><\/p>\n<p style=\"text-align: justify;\">En conferencia matutina el mandatario indic\u00f3 que el Gobierno de M\u00e9xico est\u00e1 en comunicaci\u00f3n con representantes de hospitales privados para obtener padrones de trabajadoras y trabajadores de primera l\u00ednea.<\/p>\n<p style=\"text-align: justify;\">El subsecretario de Prevenci\u00f3n y Promoci\u00f3n de la Salud, Hugo L\u00f3pez-Gatell Ram\u00edrez, explic\u00f3 que la Secretar\u00eda de Salud mantiene el di\u00e1logo con los presidentes de la Asociaci\u00f3n de Hospitales Privados y el Consorcio Mexicano de Hospitales Privados para impulsar la integraci\u00f3n de las listas y que sean validadas.<\/p>\n<p style=\"text-align: justify;\">\u201cLa validaci\u00f3n es imprescindible porque lo que se requiere es certidumbre de que la persona que entra en un listado en el orden de prioridad, corresponde a su nivel de riesgo. Estamos en esto, conforme se vayan integrando las listas se lograr\u00e1n vacunar. Esperamos que el sector privado sea capaz de lograr este nivel de coordinaci\u00f3n y de claridad y desde luego el gobierno est\u00e1 en la mejor disposici\u00f3n e intenci\u00f3n de vacunar a nuestros colegas del sector privado\u201d, asever\u00f3.<\/p>\n<p style=\"text-align: justify;\">Afirm\u00f3 que se vacunar\u00e1 al personal de salud que est\u00e1 en mayor riesgo de contagiarse de COVID-19, independientemente de la instituci\u00f3n en la que laboren.<\/p>\n<p style=\"text-align: justify;\">\u201cAqu\u00ed no se distingue por razones epidemiol\u00f3gicas. Privados y p\u00fablicos, ambos son colegas, compa\u00f1eros de la acci\u00f3n de salud que tienen un riesgo aumentado de exposici\u00f3n al virus\u201d, enfatiz\u00f3.<\/p>\n<p style=\"text-align: justify;\">Record\u00f3 que no solo se vacuna a m\u00e9dicas y m\u00e9dicos, enfermeras y enfermeros, sino que hay 11 categor\u00edas laborales que tambi\u00e9n se aplicar\u00e1n en las unidades COVID del sector privado.<\/p>\n<p style=\"text-align: justify;\">El subsecretario precis\u00f3 que por el momento la vacunaci\u00f3n no aplica al personal administrativo que no se desempe\u00f1a en las zonas de mayor riesgo.<\/p>\n<p style=\"text-align: justify;\">Esta restricci\u00f3n aplica para servidores p\u00fablicos como el propio subsecretario, el secretario de Salud, Jorge Alcocer Varela y directores de las instituciones del sector cuyas funciones son distintas al campo cl\u00ednico.<\/p>\n<p style=\"text-align: justify;\">\u201cNo estamos en el campo cl\u00ednico; no estamos sujetos a ese nivel de riesgo, por lo tanto no tenemos por qu\u00e9 ser vacunados con respecto a ese criterio, lo seremos en su momento con respecto a nuestra edad y nuestras condiciones de salud, etc\u00e9tera\u201d, puntualiz\u00f3.<\/p>\n<p style=\"text-align: justify;\">Record\u00f3 que la vacunaci\u00f3n a personal de la primera l\u00ednea se basa en un criterio t\u00e9cnico recomendado por la Organizaci\u00f3n Mundial de la Salud (OMS).<\/p>\n<p style=\"text-align: justify;\">\u201cVarios pa\u00edses hemos incorporado esta perspectiva. Primera l\u00ednea quiere decir la cercan\u00eda a los sitios de mayor exposici\u00f3n al virus SARS-CoV-2\u201d, acot\u00f3.<\/p>\n<p style=\"text-align: justify;\"><strong>Avanza vacunaci\u00f3n contra Covid-19<\/strong><\/p>\n<p style=\"text-align: justify;\">El pasado mi\u00e9rcoles 13 de enero se vacun\u00f3 a cerca de cien mil trabajadoras y trabajadores de la salud de todo el pa\u00eds. La jornada fue muy eficaz, se avanz\u00f3 mucho y no tuvieron problemas mayores, inform\u00f3 el presidente Andr\u00e9s Manuel L\u00f3pez Obrador.<\/p>\n<p style=\"text-align: justify;\">\u201cSe ven\u00edan vacunando en promedio 4 mil 500 personas y ayer fue un d\u00eda muy especial; hoy va a ser lo mismo. Se tiene pensado terminar el fin de semana para recibir el martes otra cantidad de dosis de la vacuna Pfizer de m\u00e1s de 400 mil vacunas\u201d, destac\u00f3.<\/p>\n<p style=\"text-align: justify;\">Resalt\u00f3 la colaboraci\u00f3n de las secretar\u00edas de Marina y de la Defensa Nacional, as\u00ed como la Guardia Nacional, en la log\u00edstica, transportaci\u00f3n y resguardo de las vacunas.<\/p>\n<p style=\"text-align: justify;\">De acuerdo con datos de la Secretar\u00eda de Salud, al corte del mi\u00e9rcoles sumaban 192 mil 567 personas vacunadas contra el Virus SARS-CoV-2. En esta operaci\u00f3n participan mil brigadas, las cuales llegar\u00e1n a 10 mil en las siguientes etapas.<\/p>\n<p style=\"text-align: justify;\">El embarque de 439 mil 725 vacunas de Pfizer que lleg\u00f3 el martes a la Ciudad de M\u00e9xico se distribuy\u00f3 en los 32 estados con base en los listados nominales del personal de salud de los hospitales COVID.<\/p>\n<p style=\"text-align: justify;\">El jefe del Ejecutivo reiter\u00f3 que el programa de vacunaci\u00f3n es para atender a todo el pueblo, \u201csin bander\u00edas partidistas\u201d, por lo que llam\u00f3 a denunciar cualquier uso pol\u00edtico de la vacunaci\u00f3n.<\/p>\n","protected":false},"excerpt":{"rendered":"<p>CIUDAD DE M\u00c9XICO. | 14 de enero de 2021. ] Gobierno de M\u00e9xico. En conferencia matutina el mandatario indic\u00f3 que el Gobierno de M\u00e9xico est\u00e1 en comunicaci\u00f3n con representantes de hospitales privados para obtener padrones de trabajadoras y trabajadores de primera l\u00ednea. El subsecretario de Prevenci\u00f3n y Promoci\u00f3n de la Salud, Hugo L\u00f3pez-Gatell Ram\u00edrez, explic\u00f3&#8230;<\/p>\n","protected":false},"author":2,"featured_media":1218897,"comment_status":"closed","ping_status":"closed","sticky":false,"template":"","format":"standard","meta":{"footnotes":""},"categories":[1969],"tags":[3793,9310,17739],"class_list":["post-1218896","post","type-post","status-publish","format-standard","has-post-thumbnail","hentry","category-trending","tag-amlo","tag-gobierno-de-mexico","tag-vacuna-pfizer-covid19"],"_links":{"self":[{"href":"https:\/\/www.acapulcopress.com\/index.php\/wp-json\/wp\/v2\/posts\/1218896","targetHints":{"allow":["GET"]}}],"collection":[{"href":"https:\/\/www.acapulcopress.com\/index.php\/wp-json\/wp\/v2\/posts"}],"about":[{"href":"https:\/\/www.acapulcopress.com\/index.php\/wp-json\/wp\/v2\/types\/post"}],"author":[{"embeddable":true,"href":"https:\/\/www.acapulcopress.com\/index.php\/wp-json\/wp\/v2\/users\/2"}],"replies":[{"embeddable":true,"href":"https:\/\/www.acapulcopress.com\/index.php\/wp-json\/wp\/v2\/comments?post=1218896"}],"version-history":[{"count":0,"href":"https:\/\/www.acapulcopress.com\/index.php\/wp-json\/wp\/v2\/posts\/1218896\/revisions"}],"wp:featuredmedia":[{"embeddable":true,"href":"https:\/\/www.acapulcopress.com\/index.php\/wp-json\/"}],"wp:attachment":[{"href":"https:\/\/www.acapulcopress.com\/index.php\/wp-json\/wp\/v2\/media?parent=1218896"}],"wp:term":[{"taxonomy":"category","embeddable":true,"href":"https:\/\/www.acapulcopress.com\/index.php\/wp-json\/wp\/v2\/categories?post=1218896"},{"taxonomy":"post_tag","embeddable":true,"href":"https:\/\/www.acapulcopress.com\/index.php\/wp-json\/wp\/v2\/tags?post=1218896"}],"curies":[{"name":"wp","href":"https:\/\/api.w.org\/{rel}","templated":true}]}}