{"id":1218910,"date":"2021-01-14T23:36:02","date_gmt":"2021-01-15T05:36:02","guid":{"rendered":"https:\/\/www.acapulcopress.com\/?p=1218910"},"modified":"2021-01-14T23:36:02","modified_gmt":"2021-01-15T05:36:02","slug":"presidente-muestra-avances-de-la-transformacion-de-islas-marias","status":"publish","type":"post","link":"https:\/\/www.acapulcopress.com\/index.php\/2021\/01\/14\/presidente-muestra-avances-de-la-transformacion-de-islas-marias\/","title":{"rendered":"Presidente muestra avances de la transformaci\u00f3n de Islas Mar\u00edas"},"content":{"rendered":"<p style=\"text-align: justify;\">ISLAS MAR\u00cdAS. | 14 de enero de 2021.<br \/>\n<em>] Gobierno de M\u00e9xico.<\/em><\/p>\n<p style=\"text-align: justify;\">El presidente Andr\u00e9s Manuel L\u00f3pez Obrador destac\u00f3 los avances de la construcci\u00f3n del centro de educaci\u00f3n <img loading=\"lazy\" decoding=\"async\" class=\"alignleft size-medium wp-image-1218914\" src=\"https:\/\/www.acapulco.press\/wp-content\/uploads\/2021\/01\/ISLAS-MARIAS-AMLO-375x249.jpg\" alt=\"\" width=\"375\" height=\"249\" \/>ambiental y cultural \u2018Muros de Agua-Jos\u00e9 Revueltas\u2019 en el antiguo centro penitenciario de las Islas Mar\u00edas.<\/p>\n<p style=\"text-align: justify;\">\u201cPronto haremos una visita para iniciar su pleno funcionamiento considerando cuatro elementos: la historia, la cultura, el medio ambiente y el turismo de conservaci\u00f3n\u201d, detall\u00f3 el mandatario en un mensaje en sus redes sociales.<br \/>\nEl jefe del Ejecutivo dio a conocer im\u00e1genes de los espacios rehabilitados en los que se realizaron labores de rehabilitaci\u00f3n, retiro de maleza, pintura, limpieza, jardiner\u00eda, pavimentaci\u00f3n con concreto y remodelaci\u00f3n.<\/p>\n<p style=\"text-align: justify;\">En febrero de 2019, el presidente firm\u00f3 el decreto para convertir el penal en el Centro de Educaci\u00f3n y Transformaci\u00f3n y Capacitaci\u00f3n para ni\u00f1os y j\u00f3venes, \u2018Muros de Agua-Jos\u00e9 Revueltas\u2019.<\/p>\n<p style=\"text-align: justify;\">\u201cEl cierre del penal es el fin de una era y un reconocimiento a los derechos humanos. Si tenemos una mejor sociedad, no habr\u00e1 necesidad de c\u00e1rceles; necesitamos m\u00e1s escuelas y menos prisiones. Liberaremos a los que ya han concluido su proceso de reinserci\u00f3n social y los dem\u00e1s ser\u00e1n reubicados con una posible reducci\u00f3n de condena\u201d, dijo en aquel entonces el mandatario.<\/p>\n<p><img loading=\"lazy\" decoding=\"async\" class=\"alignnone wp-image-1218913 size-large\" src=\"https:\/\/www.acapulco.press\/wp-content\/uploads\/2021\/01\/ISLAS-MARIAS-3-840x473.jpg\" alt=\"\" width=\"840\" height=\"473\" \/><br \/>\n<img loading=\"lazy\" decoding=\"async\" class=\"alignnone wp-image-1218912 size-large\" src=\"https:\/\/www.acapulco.press\/wp-content\/uploads\/2021\/01\/ISLAS-MARIAS-2-840x473.jpg\" alt=\"\" width=\"840\" height=\"473\" \/><\/p>\n","protected":false},"excerpt":{"rendered":"<p>ISLAS MAR\u00cdAS. | 14 de enero de 2021. ] Gobierno de M\u00e9xico. El presidente Andr\u00e9s Manuel L\u00f3pez Obrador destac\u00f3 los avances de la construcci\u00f3n del centro de educaci\u00f3n ambiental y cultural \u2018Muros de Agua-Jos\u00e9 Revueltas\u2019 en el antiguo centro penitenciario de las Islas Mar\u00edas. \u201cPronto haremos una visita para iniciar su pleno funcionamiento considerando cuatro&#8230;<\/p>\n","protected":false},"author":2,"featured_media":1218915,"comment_status":"closed","ping_status":"closed","sticky":false,"template":"","format":"standard","meta":{"footnotes":""},"categories":[1988,18562],"tags":[10456,13591],"class_list":["post-1218910","post","type-post","status-publish","format-standard","has-post-thumbnail","hentry","category-lifestyles","category-turism","tag-islas-marias","tag-ndres-manuel-lopez-obrador"],"_links":{"self":[{"href":"https:\/\/www.acapulcopress.com\/index.php\/wp-json\/wp\/v2\/posts\/1218910","targetHints":{"allow":["GET"]}}],"collection":[{"href":"https:\/\/www.acapulcopress.com\/index.php\/wp-json\/wp\/v2\/posts"}],"about":[{"href":"https:\/\/www.acapulcopress.com\/index.php\/wp-json\/wp\/v2\/types\/post"}],"author":[{"embeddable":true,"href":"https:\/\/www.acapulcopress.com\/index.php\/wp-json\/wp\/v2\/users\/2"}],"replies":[{"embeddable":true,"href":"https:\/\/www.acapulcopress.com\/index.php\/wp-json\/wp\/v2\/comments?post=1218910"}],"version-history":[{"count":0,"href":"https:\/\/www.acapulcopress.com\/index.php\/wp-json\/wp\/v2\/posts\/1218910\/revisions"}],"wp:featuredmedia":[{"embeddable":true,"href":"https:\/\/www.acapulcopress.com\/index.php\/wp-json\/"}],"wp:attachment":[{"href":"https:\/\/www.acapulcopress.com\/index.php\/wp-json\/wp\/v2\/media?parent=1218910"}],"wp:term":[{"taxonomy":"category","embeddable":true,"href":"https:\/\/www.acapulcopress.com\/index.php\/wp-json\/wp\/v2\/categories?post=1218910"},{"taxonomy":"post_tag","embeddable":true,"href":"https:\/\/www.acapulcopress.com\/index.php\/wp-json\/wp\/v2\/tags?post=1218910"}],"curies":[{"name":"wp","href":"https:\/\/api.w.org\/{rel}","templated":true}]}}