{"id":1218937,"date":"2021-01-15T18:00:42","date_gmt":"2021-01-16T00:00:42","guid":{"rendered":"https:\/\/www.acapulcopress.com\/?p=1218937"},"modified":"2021-01-15T18:00:42","modified_gmt":"2021-01-16T00:00:42","slug":"iepgro-deniega-impedir-registro-de-felix","status":"publish","type":"post","link":"https:\/\/www.acapulcopress.com\/index.php\/2021\/01\/15\/iepgro-deniega-impedir-registro-de-felix\/","title":{"rendered":"IEPGro deniega impedir registro de #F\u00e9lix"},"content":{"rendered":"<p style=\"text-align: justify;\">CHILPANCINGO. | 15 de enero de 2021.<br \/>\n<em>] Especial.<\/em><\/p>\n<p style=\"text-align: justify;\">El Instituto Electoral y de Participaci\u00f3n Ciudadana del Estado de Guerrero (IEPCGro) deneg\u00f3 la solicitud del M<em>ovimiento Feminista de M\u00e9xico<\/em> (MFM) de impedir el registro de F\u00e9lix Salgado Macedonio como candidato a <img loading=\"lazy\" decoding=\"async\" class=\"alignleft size-medium wp-image-1218940\" src=\"https:\/\/www.acapulco.press\/wp-content\/uploads\/2021\/01\/IEPCGRO-375x168.jpg\" alt=\"\" width=\"375\" height=\"168\" \/>Gobernador por Morena.<\/p>\n<p style=\"text-align: justify;\">En diciembre, el MFM solicit\u00f3 al IEPC la investigaci\u00f3n y aplicaci\u00f3n de la medida 3 de 3 contra la violencia de g\u00e9nero a Salgado Macedonio.\u00a0Asimismo, pidieron que se le negara el registro como candidato, por existir una denuncia en su contra por supuesto abuso sexual. Sin embargo, este viernes, el pleno del IEPC dio respuesta a la solicitud del <em>Movimiento Feminista de M\u00e9xico<\/em> y el veredicto fue favorable a F\u00e9lix Salgado.<\/p>\n<p style=\"text-align: justify;\">La consejera Vicenta Molina Revuelta fue la encargada de presentar el proyecto de acuerdo 008\/SE\/15-01-2021\u00a0 emitido en reuni\u00f3n de comisiones unidas de<em> Prerrogativas y Organizaci\u00f3n Electoral<\/em>,<em> Quejas y Denuncias<\/em> e <em>Igualdad de G\u00e9nero y no Discriminaci\u00f3n <\/em>ante el Pleno del IEPCGro, el cual refiere que\u00a0\u201cse lleg\u00f3 a la conclusi\u00f3n de que este \u00f3rgano electoral carece de facultades para realizar actividades de investigaci\u00f3n judicial de posibles hechos constitutivos de tipo penal, cuya l\u00f3gica encuentra sentido en el propio principio de legalidad que establece que la autoridad s\u00f3lo puede hacer lo que la ley le permite\u201d.\u00a0Asimismo, se argument\u00f3 que el IEPCGro es una autoridad administrativa electoral, que no tiene facultades de investigaci\u00f3n de car\u00e1cter judicial.<\/p>\n<p style=\"text-align: justify;\">Molina Revuelta precis\u00f3 que los candidatos tendr\u00e1n que entregar un documento firmado bajo protesta de decir la verdad, de que no tienen deudas con la justicia que tengan que ver con violencia hacia la mujer o pensi\u00f3n alimenticia.<\/p>\n<p style=\"text-align: justify;\">El dictamen fue aprobado por unanimidad de votos de los consejeros y con ello se desech\u00f3 la solicitud del <em>Movimiento Feminista de M\u00e9xico<\/em>.<\/p>\n<p style=\"text-align: justify;\">La pol\u00e9mica contra Salgado Macedonio surgi\u00f3 a finales de noviembre del a\u00f1o pasado, en medio de un proceso electoral en el que se dibuja como el contendiente mejor posicionado para obtener la gubernatura mediante el partido Morena.<\/p>\n<p style=\"text-align: justify;\">El abogado Jos\u00e9 Luis Gallegos Peralta revel\u00f3 que la denuncia por violaci\u00f3n sexual que se le adjudica al precandidato de Morena fue \u201cinventada\u201d para presionarlo en una demanda de car\u00e1cter laboral.<\/p>\n<p style=\"text-align: justify;\">Explic\u00f3 que la presunta v\u00edctima fue trabajadora del peri\u00f3dico <em>La Jornada Guerrero<\/em> durante el periodo en que Salgado Macedonio se desempe\u00f1aba como director.<\/p>\n<p style=\"text-align: justify;\">\u201cSe acostumbra en Acapulco que cuando un abogado no es lucho ni domina el Derecho Laboral, presentan demandas penales por acoso sexual, por violaci\u00f3n, por todas esas cosas para presionar y obtener un arreglo econ\u00f3mico en la instancia laboral\u201d, indic\u00f3 Gallegos.<\/p>\n<p style=\"text-align: justify;\">Incluso el presidente de la Rep\u00fablica, Andr\u00e9s Manuel L\u00f3pez Obrador, ha se\u00f1alado en reiteradas ocasiones que los ataques y acusaciones contra Salgado Macedonio \u201cson producto de la temporada electoral\u201d, ya que se perfila como el mejor posicionado para ganar la gubernatura.<\/p>\n<p style=\"text-align: justify;\">Durante la sesi\u00f3n del Instituto electoral y de participaci\u00f3n ciudadana del estado de Guerrero se determin\u00f3 no impedir el registro de F\u00e9lix Salgado Macedonio como candidato a la gubernatura por Morena, ya que el \u00f3rgano electoral carece de facultades para realizar actividades de investigaci\u00f3n judicial de posibles hechos constitutivos de tipo penal, resaltando que se respeta el principio de legalidad que establece que la autoridad s\u00f3lo puede hacer lo que la ley le permite, as\u00ed lo indic\u00f3 la Consejera especial de igualdad de g\u00e9nero y no discriminaci\u00f3n Vicenta Molina Revuelta.<\/p>\n<div style=\"width: 640px;\" class=\"wp-video\"><video class=\"wp-video-shortcode\" id=\"video-1218937-1\" width=\"640\" height=\"352\" preload=\"metadata\" controls=\"controls\"><source type=\"video\/mp4\" src=\"https:\/\/www.acapulco.press\/wp-content\/uploads\/2021\/01\/IEPCGRO-FELIX-SALGADO.mp4?_=1\" \/><a href=\"https:\/\/www.acapulco.press\/wp-content\/uploads\/2021\/01\/IEPCGRO-FELIX-SALGADO.mp4\">https:\/\/www.acapulco.press\/wp-content\/uploads\/2021\/01\/IEPCGRO-FELIX-SALGADO.mp4<\/a><\/video><\/div>\n<p style=\"text-align: justify;\"><strong>64 ANIVERSARIO DEL &#8216;TORO SIN CERCAS&#8217;<\/strong><\/p>\n<p>Ajeno al veredicto del IEPCGro que le fue favorable este viernes, F\u00e9lix Salgado Macedonio, mejor conocido como el &#8216;Toro sin Cerca&#8217;, celebr\u00f3 con normalidad ayer jueves su cumplea\u00f1os n\u00famero 64, acompa\u00f1ado de unos 500 invitados provenientes de las diferentes regiones del estado.<\/p>\n<p style=\"text-align: justify;\">El precandidato de Morena al Gobierno de Guerrero fue homenajeado en una celebraci\u00f3n en la que hubo una variedad extensa de platillos guerrerenses, principalmente como pozole, barbacoa de chivo y relleno de puerco, estilo Costa Grande, entre otras variedades gastron\u00f3micas, informaron diversos medios de comunicaci\u00f3n social.<\/p>\n<p><img loading=\"lazy\" decoding=\"async\" class=\"alignnone wp-image-1218938\" src=\"https:\/\/www.acapulco.press\/wp-content\/uploads\/2021\/01\/TORO64-375x281.jpg\" alt=\"\" width=\"840\" height=\"630\" \/><\/p>\n","protected":false},"excerpt":{"rendered":"<p>CHILPANCINGO. | 15 de enero de 2021. ] Especial. El Instituto Electoral y de Participaci\u00f3n Ciudadana del Estado de Guerrero (IEPCGro) deneg\u00f3 la solicitud del Movimiento Feminista de M\u00e9xico (MFM) de impedir el registro de F\u00e9lix Salgado Macedonio como candidato a Gobernador por Morena. En diciembre, el MFM solicit\u00f3 al IEPC la investigaci\u00f3n y aplicaci\u00f3n&#8230;<\/p>\n","protected":false},"author":2,"featured_media":1218939,"comment_status":"closed","ping_status":"closed","sticky":false,"template":"","format":"video","meta":{"footnotes":""},"categories":[1972,18577,1997],"tags":[8467,9544,10260,11569,13347,17318],"class_list":["post-1218937","post","type-post","status-publish","format-video","has-post-thumbnail","hentry","category-special","category-politica-la-foto","category-noticias-destacadas","tag-felix-salgado-macedonio","tag-gubernatura-de-guerrero-2021","tag-instituto-electoral-y-de-participacion-ciudadana-del-estado-de-guerrero-iepcgro","tag-la-jornada-guerrero","tag-movimiento-feminista-de-mexico-mfm","tag-toro-sin-cerca","post_format-post-format-video"],"_links":{"self":[{"href":"https:\/\/www.acapulcopress.com\/index.php\/wp-json\/wp\/v2\/posts\/1218937","targetHints":{"allow":["GET"]}}],"collection":[{"href":"https:\/\/www.acapulcopress.com\/index.php\/wp-json\/wp\/v2\/posts"}],"about":[{"href":"https:\/\/www.acapulcopress.com\/index.php\/wp-json\/wp\/v2\/types\/post"}],"author":[{"embeddable":true,"href":"https:\/\/www.acapulcopress.com\/index.php\/wp-json\/wp\/v2\/users\/2"}],"replies":[{"embeddable":true,"href":"https:\/\/www.acapulcopress.com\/index.php\/wp-json\/wp\/v2\/comments?post=1218937"}],"version-history":[{"count":0,"href":"https:\/\/www.acapulcopress.com\/index.php\/wp-json\/wp\/v2\/posts\/1218937\/revisions"}],"wp:featuredmedia":[{"embeddable":true,"href":"https:\/\/www.acapulcopress.com\/index.php\/wp-json\/"}],"wp:attachment":[{"href":"https:\/\/www.acapulcopress.com\/index.php\/wp-json\/wp\/v2\/media?parent=1218937"}],"wp:term":[{"taxonomy":"category","embeddable":true,"href":"https:\/\/www.acapulcopress.com\/index.php\/wp-json\/wp\/v2\/categories?post=1218937"},{"taxonomy":"post_tag","embeddable":true,"href":"https:\/\/www.acapulcopress.com\/index.php\/wp-json\/wp\/v2\/tags?post=1218937"}],"curies":[{"name":"wp","href":"https:\/\/api.w.org\/{rel}","templated":true}]}}