{"id":1218950,"date":"2021-01-15T11:33:55","date_gmt":"2021-01-15T17:33:55","guid":{"rendered":"https:\/\/www.acapulcopress.com\/?p=1218950"},"modified":"2021-01-15T11:33:55","modified_gmt":"2021-01-15T17:33:55","slug":"yair-garcia-lleva-alegria-sonrisas-y-reyes-magos-a-ninos-de-diversas-colonias-de-acapulco","status":"publish","type":"post","link":"https:\/\/www.acapulcopress.com\/index.php\/2021\/01\/15\/yair-garcia-lleva-alegria-sonrisas-y-reyes-magos-a-ninos-de-diversas-colonias-de-acapulco\/","title":{"rendered":"Yair Garc\u00eda lleva alegr\u00eda, sonrisas y Reyes Magos a ni\u00f1os de diversas colonias de Acapulco"},"content":{"rendered":"<p style=\"text-align: justify;\">ACAPULCO. | 15 de enero de 2021.<br \/>\n<em>] Ciudadano de Tiempo Completo.<\/em><\/p>\n<p style=\"text-align: justify;\">\u00a0Con el gesto humano que lo caracteriza, el\u00a0 \u00abCiudadano de Tiempo Completo\u00bb, Yair Garc\u00eda Delgado, alegr\u00f3 a cientos <img loading=\"lazy\" decoding=\"async\" class=\"alignleft size-medium wp-image-1218953\" src=\"https:\/\/www.acapulco.press\/wp-content\/uploads\/2021\/01\/YAIR3-375x281.jpg\" alt=\"\" width=\"375\" height=\"281\" \/>de ni\u00f1os de diversas colonias populares de la parte alta de Acapulco al llevarles a los <em>Reyes Magos<\/em> hasta sus hogares cargados de sonrisas y regalos que todos agradecieron.<\/p>\n<p style=\"text-align: justify;\">Asimismo, sin dejar de lado su faceta de ciudadano vigilante, Garc\u00eda Delgado se mostr\u00f3 preocupado por la falta de servicios p\u00fablicos b\u00e1sicos que tanta falta le hacen a las familias de la mayor\u00eda de colonias populares del puerto.<\/p>\n<p style=\"text-align: justify;\">Desde lo alto de las colonias visitadas, el<em> Ciudadano de Tiempo Completo <\/em>manifest\u00f3 que desde esos lugares \u00abse respira bien, pero hacen falta servicios p\u00fablicos\u00bb.<\/p>\n<p style=\"text-align: justify;\">\u00abDesde aqu\u00ed se puede observar una ciudad que requiere de mucha atenci\u00f3n de parte de las autoridades\u201d, por tal motivo se comprometi\u00f3 a continuar la con la \u00abconstrucci\u00f3n del <em>Plan de Acci\u00f3n Ciudadano<\/em> que permita sacar adelante a estos sectores marginados, con base a los principios de la Cuarta Transformaci\u00f3n que encabezada el Presidente de M\u00e9xico, Andr\u00e9s Manuel L\u00f3pez Obrador.<\/p>\n<p style=\"text-align: justify;\"><strong>LOS REYES MAGOS Y EL CIUDADANO DE TIEMPO COMPLETO REPARTIENDO ALEGR\u00cdA Y SONRISAS<\/strong><\/p>\n\n","protected":false},"excerpt":{"rendered":"<p>ACAPULCO. | 15 de enero de 2021. ] Ciudadano de Tiempo Completo. \u00a0Con el gesto humano que lo caracteriza, el\u00a0 \u00abCiudadano de Tiempo Completo\u00bb, Yair Garc\u00eda Delgado, alegr\u00f3 a cientos de ni\u00f1os de diversas colonias populares de la parte alta de Acapulco al llevarles a los Reyes Magos hasta sus hogares cargados de sonrisas y&#8230;<\/p>\n","protected":false},"author":2,"featured_media":1218968,"comment_status":"closed","ping_status":"closed","sticky":false,"template":"","format":"standard","meta":{"footnotes":""},"categories":[2024,1972,18561,18577],"tags":[5826,18204],"class_list":["post-1218950","post","type-post","status-publish","format-standard","has-post-thumbnail","hentry","category-politica-activism","category-special","category-society-politics","category-politica-la-foto","tag-ciudadano-de-tiempo-completo","tag-yair-garcia-delgado"],"_links":{"self":[{"href":"https:\/\/www.acapulcopress.com\/index.php\/wp-json\/wp\/v2\/posts\/1218950","targetHints":{"allow":["GET"]}}],"collection":[{"href":"https:\/\/www.acapulcopress.com\/index.php\/wp-json\/wp\/v2\/posts"}],"about":[{"href":"https:\/\/www.acapulcopress.com\/index.php\/wp-json\/wp\/v2\/types\/post"}],"author":[{"embeddable":true,"href":"https:\/\/www.acapulcopress.com\/index.php\/wp-json\/wp\/v2\/users\/2"}],"replies":[{"embeddable":true,"href":"https:\/\/www.acapulcopress.com\/index.php\/wp-json\/wp\/v2\/comments?post=1218950"}],"version-history":[{"count":0,"href":"https:\/\/www.acapulcopress.com\/index.php\/wp-json\/wp\/v2\/posts\/1218950\/revisions"}],"wp:featuredmedia":[{"embeddable":true,"href":"https:\/\/www.acapulcopress.com\/index.php\/wp-json\/"}],"wp:attachment":[{"href":"https:\/\/www.acapulcopress.com\/index.php\/wp-json\/wp\/v2\/media?parent=1218950"}],"wp:term":[{"taxonomy":"category","embeddable":true,"href":"https:\/\/www.acapulcopress.com\/index.php\/wp-json\/wp\/v2\/categories?post=1218950"},{"taxonomy":"post_tag","embeddable":true,"href":"https:\/\/www.acapulcopress.com\/index.php\/wp-json\/wp\/v2\/tags?post=1218950"}],"curies":[{"name":"wp","href":"https:\/\/api.w.org\/{rel}","templated":true}]}}