{"id":1218975,"date":"2021-01-15T10:15:34","date_gmt":"2021-01-15T16:15:34","guid":{"rendered":"https:\/\/www.acapulcopress.com\/?p=1218975"},"modified":"2021-01-15T10:15:34","modified_gmt":"2021-01-15T16:15:34","slug":"uagro-invita-al-8-concurso-de-oratoria-de-la-preparatoria-13","status":"publish","type":"post","link":"https:\/\/www.acapulcopress.com\/index.php\/2021\/01\/15\/uagro-invita-al-8-concurso-de-oratoria-de-la-preparatoria-13\/","title":{"rendered":"UAGro invita al 8\u00b0 Concurso de Oratoria de la Preparatoria 13"},"content":{"rendered":"<p>CHILPANCINGO. | 15 de enero de 2021.<br \/>\n<em>] UAGro.<\/em><\/p>\n<p style=\"text-align: justify;\">El Rector de la UAGro, Javier Salda\u00f1a Almaz\u00e1n, anunci\u00f3 que \u00aba distancia continuamos promoviendo el arte y talento de nuestro estudiantes, por ello los invito a ver el 8\u00b0 Concurso de Oratoria que celebrar\u00e1 la Preparatoria No. 13 el pr\u00f3ximo 22 de enero. Acomp\u00e1\u00f1ennos apoyando a los participantes durante la transmisi\u00f3n en vivo\u00bb, manifest\u00f3.<\/p>\n","protected":false},"excerpt":{"rendered":"<p>CHILPANCINGO. | 15 de enero de 2021. ] UAGro. El Rector de la UAGro, Javier Salda\u00f1a Almaz\u00e1n, anunci\u00f3 que \u00aba distancia continuamos promoviendo el arte y talento de nuestro estudiantes, por ello los invito a ver el 8\u00b0 Concurso de Oratoria que celebrar\u00e1 la Preparatoria No. 13 el pr\u00f3ximo 22 de enero. Acomp\u00e1\u00f1ennos apoyando a&#8230;<\/p>\n","protected":false},"author":2,"featured_media":1218976,"comment_status":"closed","ping_status":"closed","sticky":false,"template":"","format":"standard","meta":{"footnotes":""},"categories":[18561,2016],"tags":[6705,10644,17463,17610],"class_list":["post-1218975","post","type-post","status-publish","format-standard","has-post-thumbnail","hentry","category-society-politics","category-uagro-society-politics","tag-covid19","tag-javier-saldana-almazan","tag-uagro","tag-universidad-autonoma-de-guerrero-uagro"],"_links":{"self":[{"href":"https:\/\/www.acapulcopress.com\/index.php\/wp-json\/wp\/v2\/posts\/1218975","targetHints":{"allow":["GET"]}}],"collection":[{"href":"https:\/\/www.acapulcopress.com\/index.php\/wp-json\/wp\/v2\/posts"}],"about":[{"href":"https:\/\/www.acapulcopress.com\/index.php\/wp-json\/wp\/v2\/types\/post"}],"author":[{"embeddable":true,"href":"https:\/\/www.acapulcopress.com\/index.php\/wp-json\/wp\/v2\/users\/2"}],"replies":[{"embeddable":true,"href":"https:\/\/www.acapulcopress.com\/index.php\/wp-json\/wp\/v2\/comments?post=1218975"}],"version-history":[{"count":0,"href":"https:\/\/www.acapulcopress.com\/index.php\/wp-json\/wp\/v2\/posts\/1218975\/revisions"}],"wp:featuredmedia":[{"embeddable":true,"href":"https:\/\/www.acapulcopress.com\/index.php\/wp-json\/"}],"wp:attachment":[{"href":"https:\/\/www.acapulcopress.com\/index.php\/wp-json\/wp\/v2\/media?parent=1218975"}],"wp:term":[{"taxonomy":"category","embeddable":true,"href":"https:\/\/www.acapulcopress.com\/index.php\/wp-json\/wp\/v2\/categories?post=1218975"},{"taxonomy":"post_tag","embeddable":true,"href":"https:\/\/www.acapulcopress.com\/index.php\/wp-json\/wp\/v2\/tags?post=1218975"}],"curies":[{"name":"wp","href":"https:\/\/api.w.org\/{rel}","templated":true}]}}