{"id":1218982,"date":"2021-01-15T09:39:20","date_gmt":"2021-01-15T15:39:20","guid":{"rendered":"https:\/\/www.acapulcopress.com\/?p=1218982"},"modified":"2021-01-15T09:39:20","modified_gmt":"2021-01-15T15:39:20","slug":"pri-y-prd-consensuan-acuerdos-con-sus-precandidatos-mario-y-evodio","status":"publish","type":"post","link":"https:\/\/www.acapulcopress.com\/index.php\/2021\/01\/15\/pri-y-prd-consensuan-acuerdos-con-sus-precandidatos-mario-y-evodio\/","title":{"rendered":"PRI y PRD consens\u00faan acuerdos con sus precandidatos Mario y Evodio"},"content":{"rendered":"<p style=\"text-align: justify;\">CHILPANCINGO. | 15 de enero de 2021.<br \/>\n] PRI Guerrero.<\/p>\n<p style=\"text-align: justify;\">Esta ma\u00f1ana se dio un importante encuentro entre los dirigentes del PRI y el PRD encabezados, respectivamente, por Esteban Albarr\u00e1n Mendoza y Alberto Catal\u00e1n Bastida y los precandidatos Mario Moreno Arcos y Evodio Vel\u00e1zquez Aguirre.<\/p>\n<p style=\"text-align: justify;\">\u201cTrabajar intensamente por la unidad y medirse conforme a las reglas establecidas\u201d, coincidieron Mario Moreno Arcos y Evodio Vel\u00e1zquez Aguirre.<\/p>\n<p style=\"text-align: justify;\">Luego del acercamiento en donde ambas dirigencias y sus precandidatos refrendaron el respaldo a la alianza y el trabajo por la unidad de la militancia de ambos partidos, Mario Moreno Arcos inform\u00f3 que pr\u00e1cticamente est\u00e1 lista la metodolog\u00eda que se aplicar\u00e1 para definir al abanderado.<\/p>\n<p style=\"text-align: justify;\">Por su parte, Vel\u00e1zquez Aguirre dijo que se trat\u00f3 de una \u00abreuni\u00f3n de compa\u00f1erismo\u00bb al tiempo que dio a conocer que se reunir\u00e1n con las dirigencias nacionales en breve.<\/p>\n<p style=\"text-align: justify;\">Al respecto, Moreno Arcos afirm\u00f3 que hay avances importantes en la consolidaci\u00f3n de esta \u201cgran alianza ganadora a la que habremos de ir el PRI y el PRD ponderando ante todo la unidad\u201d.<\/p>\n<p style=\"text-align: justify;\">\u201cYa hay acuerdos pero sobre todo consensos entre ambas dirigencias y ser\u00e1 durante los pr\u00f3ximos d\u00edas en que habremos de definir la ruta para determinar qui\u00e9n habr\u00e1 de abanderar esta Alianza\u201d infirm\u00f3 Moreno Arcos, quien dijo \u201cdesde ahora les digo que siempre y en todo momento me conducir\u00e9 con mucha madurez ponderando el dialogo porque se trata de una decisi\u00f3n fundamental de cara a lo que viene\u201d.<\/p>\n<p style=\"text-align: justify;\">Moreno Arcos destac\u00f3 su \u00ababsoluto respeto a mi amigo Evodio Vel\u00e1zquez a quien reconozco su trabajo pol\u00edtico y arraigo entre los guerrerenses; esta ser\u00e1 una alianza ganadora y ya hay avances para definir el m\u00e9todo y los tiempos\u201d.<\/p>\n<p style=\"text-align: justify;\">Para finalizar, Moreno Arcos afirm\u00f3 que no se trata de una competencia mezquina sino todo lo contrario, \u201cse trata de unir fortalezas en una forma madura y sensata que represente una opci\u00f3n fuerte para la ciudadan\u00eda\u201d.<\/p>\n<p style=\"text-align: justify;\">\u201cCreo sinceramente que hay grandes coincidencias en muchos asuntos que hoy preocupan a la sociedad como la seguridad, la salud, la reactivaci\u00f3n econ\u00f3mica y el combate a la pobreza que representan temas de gran fragilidad especialmente ahora a causa de la pandemia; vamos en la misma ruta sin lugar a dudas\u201d concluy\u00f3.<\/p>\n<figure id=\"attachment_1218986\" aria-describedby=\"caption-attachment-1218986\" style=\"width: 840px\" class=\"wp-caption alignnone\"><img loading=\"lazy\" decoding=\"async\" class=\"wp-image-1218986 size-large\" src=\"https:\/\/www.acapulco.press\/wp-content\/uploads\/2021\/01\/MARIO-Y-EVODIO-840x703.jpg\" alt=\"\" width=\"840\" height=\"703\" \/><figcaption id=\"caption-attachment-1218986\" class=\"wp-caption-text\"><strong>Evodio Vel\u00e1zquez y Mario Morena<\/strong>. ] Foto: <em>PRI Guerrero.<\/em><\/figcaption><\/figure>\n","protected":false},"excerpt":{"rendered":"<p>CHILPANCINGO. | 15 de enero de 2021. ] PRI Guerrero. Esta ma\u00f1ana se dio un importante encuentro entre los dirigentes del PRI y el PRD encabezados, respectivamente, por Esteban Albarr\u00e1n Mendoza y Alberto Catal\u00e1n Bastida y los precandidatos Mario Moreno Arcos y Evodio Vel\u00e1zquez Aguirre. \u201cTrabajar intensamente por la unidad y medirse conforme a las&#8230;<\/p>\n","protected":false},"author":2,"featured_media":1218985,"comment_status":"closed","ping_status":"closed","sticky":false,"template":"","format":"standard","meta":{"footnotes":""},"categories":[2024,1972,18561,18577],"tags":[3461,8170,8273,9560,12685,14804,14914,14916],"class_list":["post-1218982","post","type-post","status-publish","format-standard","has-post-thumbnail","hentry","category-politica-activism","category-special","category-society-politics","category-politica-la-foto","tag-alberto-catalan-bastida","tag-esteban-albarran-mendoza","tag-evodio-velazquez-aguirre","tag-guerrero-2021","tag-mario-moreno-arcos","tag-prd","tag-pri","tag-pri-guerrero"],"_links":{"self":[{"href":"https:\/\/www.acapulcopress.com\/index.php\/wp-json\/wp\/v2\/posts\/1218982","targetHints":{"allow":["GET"]}}],"collection":[{"href":"https:\/\/www.acapulcopress.com\/index.php\/wp-json\/wp\/v2\/posts"}],"about":[{"href":"https:\/\/www.acapulcopress.com\/index.php\/wp-json\/wp\/v2\/types\/post"}],"author":[{"embeddable":true,"href":"https:\/\/www.acapulcopress.com\/index.php\/wp-json\/wp\/v2\/users\/2"}],"replies":[{"embeddable":true,"href":"https:\/\/www.acapulcopress.com\/index.php\/wp-json\/wp\/v2\/comments?post=1218982"}],"version-history":[{"count":0,"href":"https:\/\/www.acapulcopress.com\/index.php\/wp-json\/wp\/v2\/posts\/1218982\/revisions"}],"wp:featuredmedia":[{"embeddable":true,"href":"https:\/\/www.acapulcopress.com\/index.php\/wp-json\/"}],"wp:attachment":[{"href":"https:\/\/www.acapulcopress.com\/index.php\/wp-json\/wp\/v2\/media?parent=1218982"}],"wp:term":[{"taxonomy":"category","embeddable":true,"href":"https:\/\/www.acapulcopress.com\/index.php\/wp-json\/wp\/v2\/categories?post=1218982"},{"taxonomy":"post_tag","embeddable":true,"href":"https:\/\/www.acapulcopress.com\/index.php\/wp-json\/wp\/v2\/tags?post=1218982"}],"curies":[{"name":"wp","href":"https:\/\/api.w.org\/{rel}","templated":true}]}}