{"id":1219004,"date":"2021-01-15T08:48:21","date_gmt":"2021-01-15T14:48:21","guid":{"rendered":"https:\/\/www.acapulcopress.com\/?p=1219004"},"modified":"2021-01-15T08:48:21","modified_gmt":"2021-01-15T14:48:21","slug":"invita-uagro-a-concurso-estatal-de-dibujo","status":"publish","type":"post","link":"https:\/\/www.acapulcopress.com\/index.php\/2021\/01\/15\/invita-uagro-a-concurso-estatal-de-dibujo\/","title":{"rendered":"Invita UAGro a Concurso Estatal de Dibujo"},"content":{"rendered":"<p>CHILPANCINGO. | 15 de enero de 2021.<br \/>\n] PRI Guerrero.<\/p>\n<p style=\"text-align: justify;\">El Rector de UAGro, Javier Salda\u00f1a Almaz\u00e1n, invit\u00f3 a participar en el Concurso Estatal de Dibujo en conmemoraci\u00f3n del <em>D\u00eda del Bi\u00f3logo<\/em>, que organiza la Escuela Superior de Ciencias Naturales, el Tianguis Cultural Xochitl\u00e1n y la <em>Fundaci\u00f3n Idea Joven &#8211; M\u00e9xico<\/em> , donde podr\u00e1n ganar uno de los 10 libros escritos por el Dr. Luis Alvin Garz\u00f3n L\u00f3pez y Rector\u00eda de la Universidad Aut\u00f3noma de Guerrero.<\/p>\n<p>CONVOCATORIA<\/p>\n<p><img loading=\"lazy\" decoding=\"async\" class=\"alignnone wp-image-1218995 size-large\" src=\"https:\/\/www.acapulco.press\/wp-content\/uploads\/2021\/01\/CONCURSO-ESTATAL-DE-DIVUJO-UAGRO-1-840x1087.jpg\" alt=\"\" width=\"840\" height=\"1087\" \/><br \/>\n<img loading=\"lazy\" decoding=\"async\" class=\"alignnone wp-image-1218994 size-large\" src=\"https:\/\/www.acapulco.press\/wp-content\/uploads\/2021\/01\/CONCURSO-ESTATAL-DE-DIVUJO-UAGRO-2-1-840x1088.jpg\" alt=\"\" width=\"840\" height=\"1088\" \/><\/p>\n","protected":false},"excerpt":{"rendered":"<p>CHILPANCINGO. | 15 de enero de 2021. ] PRI Guerrero. El Rector de UAGro, Javier Salda\u00f1a Almaz\u00e1n, invit\u00f3 a participar en el Concurso Estatal de Dibujo en conmemoraci\u00f3n del D\u00eda del Bi\u00f3logo, que organiza la Escuela Superior de Ciencias Naturales, el Tianguis Cultural Xochitl\u00e1n y la Fundaci\u00f3n Idea Joven &#8211; M\u00e9xico , donde podr\u00e1n ganar&#8230;<\/p>\n","protected":false},"author":2,"featured_media":1219005,"comment_status":"closed","ping_status":"closed","sticky":false,"template":"","format":"standard","meta":{"footnotes":""},"categories":[18561,2016],"tags":[6314,7194,8103,9018,10644,17172,17463,17609],"class_list":["post-1219004","post","type-post","status-publish","format-standard","has-post-thumbnail","hentry","category-society-politics","category-uagro-society-politics","tag-concurso-estatal-de-dibujo-uagro","tag-dia-del-biologo","tag-escuela-superior-de-ciencias-naturales-uagro","tag-fundacion-idea-joven-mexico","tag-javier-saldana-almazan","tag-tianguis-cultural-xochitlan","tag-uagro","tag-universidad-autonoma-de-guerrero"],"_links":{"self":[{"href":"https:\/\/www.acapulcopress.com\/index.php\/wp-json\/wp\/v2\/posts\/1219004","targetHints":{"allow":["GET"]}}],"collection":[{"href":"https:\/\/www.acapulcopress.com\/index.php\/wp-json\/wp\/v2\/posts"}],"about":[{"href":"https:\/\/www.acapulcopress.com\/index.php\/wp-json\/wp\/v2\/types\/post"}],"author":[{"embeddable":true,"href":"https:\/\/www.acapulcopress.com\/index.php\/wp-json\/wp\/v2\/users\/2"}],"replies":[{"embeddable":true,"href":"https:\/\/www.acapulcopress.com\/index.php\/wp-json\/wp\/v2\/comments?post=1219004"}],"version-history":[{"count":0,"href":"https:\/\/www.acapulcopress.com\/index.php\/wp-json\/wp\/v2\/posts\/1219004\/revisions"}],"wp:featuredmedia":[{"embeddable":true,"href":"https:\/\/www.acapulcopress.com\/index.php\/wp-json\/"}],"wp:attachment":[{"href":"https:\/\/www.acapulcopress.com\/index.php\/wp-json\/wp\/v2\/media?parent=1219004"}],"wp:term":[{"taxonomy":"category","embeddable":true,"href":"https:\/\/www.acapulcopress.com\/index.php\/wp-json\/wp\/v2\/categories?post=1219004"},{"taxonomy":"post_tag","embeddable":true,"href":"https:\/\/www.acapulcopress.com\/index.php\/wp-json\/wp\/v2\/tags?post=1219004"}],"curies":[{"name":"wp","href":"https:\/\/api.w.org\/{rel}","templated":true}]}}