{"id":1219010,"date":"2021-01-15T09:09:44","date_gmt":"2021-01-15T15:09:44","guid":{"rendered":"https:\/\/www.acapulcopress.com\/?p=1219010"},"modified":"2021-01-15T09:09:44","modified_gmt":"2021-01-15T15:09:44","slug":"acompana-senador-anorve-a-regidor-terrazas-a-inaugurar-obras-sociales-en-acapulco","status":"publish","type":"post","link":"https:\/\/www.acapulcopress.com\/index.php\/2021\/01\/15\/acompana-senador-anorve-a-regidor-terrazas-a-inaugurar-obras-sociales-en-acapulco\/","title":{"rendered":"Acompa\u00f1a Senador A\u00f1orve a regidor Terrazas a inaugurar obras sociales en Acapulco"},"content":{"rendered":"<p style=\"text-align: justify;\">ACAPULCO. | 15 de enero de 2021.<br \/>\n<em>] Especial.<\/em><\/p>\n<p style=\"text-align: justify;\">Tal y como lo dio a conocer hace unos d\u00edas, el Senador Manuel A\u00f1orve Ba\u00f1os no detiene su trabajo de gesti\u00f3n por Guerrero y legislativo en el Senado de la Rep\u00fablica. Este d\u00eda acompa\u00f1\u00f3 al regidor acapulque\u00f1o, Luis Miguel Terrazas Irra, a la inauguraci\u00f3n de la Calle Jamaica de la Colonia 5 de Mayo en Acapulco, obra que destac\u00f3 por ser de mucha ayuda para los habitantes del lugar y reconoci\u00f3 al edil porte\u00f1o por encausar esta acci\u00f3n que beneficia a cientos de personas y mejora su calidad de vida.<\/p>\n<p style=\"text-align: justify;\">En su mensaje A\u00f1orve Ba\u00f1os, reiter\u00f3 que seguir\u00e1 trabajando de manera directa con la ciudadan\u00eda guerrerense, tal y como desde hace muchos a\u00f1os lo ha realizado, les record\u00f3 que con fe, esperanza y trabajando siempre por el bienestar de las familias guerrerenses se podr\u00e1 salir adelante, adem\u00e1s invit\u00f3 a los vecinos de esa calle a que cuiden esta obra que era muy necesaria, principalmente en \u00e9poca de lluvias.<\/p>\n<p style=\"text-align: justify;\">Por su parte, el regidor Terrazas, agradeci\u00f3 la presencia del Senador, de quien dijo es un buen amigo y aliado de los guerrerenses, adem\u00e1s coment\u00f3 que este tipo de gestiones son para ayudar a la ciudadan\u00eda y que representan un acto de justicia social.<\/p>\n","protected":false},"excerpt":{"rendered":"<p>ACAPULCO. | 15 de enero de 2021. ] Especial. Tal y como lo dio a conocer hace unos d\u00edas, el Senador Manuel A\u00f1orve Ba\u00f1os no detiene su trabajo de gesti\u00f3n por Guerrero y legislativo en el Senado de la Rep\u00fablica. Este d\u00eda acompa\u00f1\u00f3 al regidor acapulque\u00f1o, Luis Miguel Terrazas Irra, a la inauguraci\u00f3n de la&#8230;<\/p>\n","protected":false},"author":2,"featured_media":1219014,"comment_status":"closed","ping_status":"closed","sticky":false,"template":"","format":"standard","meta":{"footnotes":""},"categories":[2024,18561],"tags":[12205,12366,14914,16471],"class_list":["post-1219010","post","type-post","status-publish","format-standard","has-post-thumbnail","hentry","category-politica-activism","category-society-politics","tag-luis-miguel-terrazas-irra","tag-manuel-anorve-banos","tag-pri","tag-senado-de-la-republica"],"_links":{"self":[{"href":"https:\/\/www.acapulcopress.com\/index.php\/wp-json\/wp\/v2\/posts\/1219010","targetHints":{"allow":["GET"]}}],"collection":[{"href":"https:\/\/www.acapulcopress.com\/index.php\/wp-json\/wp\/v2\/posts"}],"about":[{"href":"https:\/\/www.acapulcopress.com\/index.php\/wp-json\/wp\/v2\/types\/post"}],"author":[{"embeddable":true,"href":"https:\/\/www.acapulcopress.com\/index.php\/wp-json\/wp\/v2\/users\/2"}],"replies":[{"embeddable":true,"href":"https:\/\/www.acapulcopress.com\/index.php\/wp-json\/wp\/v2\/comments?post=1219010"}],"version-history":[{"count":0,"href":"https:\/\/www.acapulcopress.com\/index.php\/wp-json\/wp\/v2\/posts\/1219010\/revisions"}],"wp:featuredmedia":[{"embeddable":true,"href":"https:\/\/www.acapulcopress.com\/index.php\/wp-json\/"}],"wp:attachment":[{"href":"https:\/\/www.acapulcopress.com\/index.php\/wp-json\/wp\/v2\/media?parent=1219010"}],"wp:term":[{"taxonomy":"category","embeddable":true,"href":"https:\/\/www.acapulcopress.com\/index.php\/wp-json\/wp\/v2\/categories?post=1219010"},{"taxonomy":"post_tag","embeddable":true,"href":"https:\/\/www.acapulcopress.com\/index.php\/wp-json\/wp\/v2\/tags?post=1219010"}],"curies":[{"name":"wp","href":"https:\/\/api.w.org\/{rel}","templated":true}]}}