{"id":1219020,"date":"2021-01-15T22:26:44","date_gmt":"2021-01-16T04:26:44","guid":{"rendered":"https:\/\/www.acapulcopress.com\/?p=1219020"},"modified":"2021-01-15T22:26:44","modified_gmt":"2021-01-16T04:26:44","slug":"oficializan-peticion-de-expulsion-de-morena-de-pablo-amilcar-sandoval","status":"publish","type":"post","link":"https:\/\/www.acapulcopress.com\/index.php\/2021\/01\/15\/oficializan-peticion-de-expulsion-de-morena-de-pablo-amilcar-sandoval\/","title":{"rendered":"Oficializan petici\u00f3n de expulsi\u00f3n de Morena de Pablo Am\u00edlcar Sandoval"},"content":{"rendered":"<p style=\"text-align: justify;\"><strong>\u00bb \u00c1ngel Blanco.\u00a0<\/strong><br \/>\nACAPULCO. | 15 de enero de 2021.<br \/>\n<em>] Acapulco Press.<\/em><\/p>\n<p style=\"text-align: justify;\">Esta noche, el presidente del Frente Obradorista para la Recuperaci\u00f3n del Campo de Guerrero (FORCG) y Premio Estatal al <em>M\u00e9rito Civil<\/em> en \u00abDesarrollo Rural 2019\u00bb, Eloy Romero Gatica, present\u00f3 en exclusiva en el programa radiof\u00f3nico \u00abControversias\u00bb, que conduce el periodista <em>Igor Pettit,<\/em> la Carta Oficial (con fecha 15 de enero de 2021) dirigida a la Comisi\u00f3n Nacional de Honestidad y Justicia (CNHJ) del Comit\u00e9 Ejecutivo Nacional de Morena solicitando la \u00abExpulsi\u00f3n\u00bb del partido del exdelegado federal y aspirante a Gobernador de Guerrero, Pablo Amilcar Sandoval Ballesteros, por \u00abfaltas sancionables\u00bb &#8211;como \u00abcorrupci\u00f3n y falta de probidad en el ejercicio partidista y p\u00fablico\u00bb&#8211; que documenta con oficios entregados en la Fiscal\u00eda de Delitos Electorales del Estado de Guerrero (Fedegro).<\/p>\n<p style=\"text-align: justify;\">El documento, cuya petici\u00f3n se sustenta en el Art\u00edculo 53 de la CNHJ, manifiesta que Pablo Amilcar Sandoval no puede ser candidato de Morena a la Gubernatura de Guerrero debido a que tiene una denuncia ante la Fiscal\u00eda de Delitos Electorales de Guerrero ( FG\/CI\/002\/2020-4) por actos de corrupci\u00f3n y uso de programas sociales en la promoci\u00f3n pol\u00edtica de su imagen, a\u00fan fungiendo como delegado federal de la <em>Secretar\u00eda del Bienestar<\/em> en Guerrero.<\/p>\n<p style=\"text-align: justify;\">La carta de Romero Gatica lleva copia para Mario Delgado Carrillo, presidente del CEN de Morena, y Marcial Rodr\u00edguez Salda\u00f1a, secretario general con funciones de Presidente del Comit\u00e9 Ejecutivo de Morena en Guerrero.<\/p>\n<p style=\"text-align: justify;\">La otra misiva, que contendr\u00e1 la misma petici\u00f3n de expulsi\u00f3n, correr\u00e1 a cargo de Sergio Montes Carrillo, ex consejero de Morena ante el Instituto Electoral y de Participaci\u00f3n Ciudadana del Estado de Guerrero (IEPCGro), por \u00abda\u00f1os a la imagen de Morena\u00bb en Guerrero, ocasionados en su af\u00e1n por dejar fuera de la contienda electoral a F\u00e9lix Salgado Macedonio y apropiarse de la candidatura de Morena a la Gubernatura del Estado que el Comit\u00e9 Nacional otorg\u00f3 a Salgado tras declararlo ganador de las encuestas, y cuyos resultados todos los participantes, internos y externos (entre ellos Luis Walton Aburto), acordaron respetar.<\/p>\n<p><img loading=\"lazy\" decoding=\"async\" class=\"alignnone wp-image-1219011\" src=\"https:\/\/www.acapulco.press\/wp-content\/uploads\/2021\/01\/EXPULSION-pablo-aqua1-375x434.jpg\" alt=\"\" width=\"840\" height=\"973\" \/><\/p>\n<p><img loading=\"lazy\" decoding=\"async\" class=\"alignleft wp-image-1219012\" src=\"https:\/\/www.acapulco.press\/wp-content\/uploads\/2021\/01\/EXPULSION-pablo-aqua2-375x463.jpg\" alt=\"\" width=\"840\" height=\"1036\" \/><br \/>\n<img loading=\"lazy\" decoding=\"async\" class=\"alignnone wp-image-1219013\" src=\"https:\/\/www.acapulco.press\/wp-content\/uploads\/2021\/01\/EXPULSION-pablo-aqua3-375x452.jpg\" alt=\"\" width=\"840\" height=\"1013\" \/><br \/>\nwww<strong>.acapulcopress.<\/strong>com<\/p>\n","protected":false},"excerpt":{"rendered":"<p>\u00bb \u00c1ngel Blanco.\u00a0 ACAPULCO. | 15 de enero de 2021. ] Acapulco Press. Esta noche, el presidente del Frente Obradorista para la Recuperaci\u00f3n del Campo de Guerrero (FORCG) y Premio Estatal al M\u00e9rito Civil en \u00abDesarrollo Rural 2019\u00bb, Eloy Romero Gatica, present\u00f3 en exclusiva en el programa radiof\u00f3nico \u00abControversias\u00bb, que conduce el periodista Igor Pettit,&#8230;<\/p>\n","protected":false},"author":2,"featured_media":1219021,"comment_status":"closed","ping_status":"closed","sticky":false,"template":"","format":"standard","meta":{"footnotes":""},"categories":[1969],"tags":[6177,7859,8467,8660,8947,9544,10260,12218,14123,16512],"class_list":["post-1219020","post","type-post","status-publish","format-standard","has-post-thumbnail","hentry","category-trending","tag-comision-nacional-de-honestidad-y-justicia-de-morena","tag-eloy-romero-gatica","tag-felix-salgado-macedonio","tag-fiscalia-de-delitos-electorales-del-estado-de-guerrero-fedegro","tag-frente-obradorista-para-la-recuperacion-del-campo-de-guerrero-forcg","tag-gubernatura-de-guerrero-2021","tag-instituto-electoral-y-de-participacion-ciudadana-del-estado-de-guerrero-iepcgro","tag-luis-walton-aburto","tag-pablo-amilcar-sandoval-ballesteros","tag-sergio-montes-carrillo"],"_links":{"self":[{"href":"https:\/\/www.acapulcopress.com\/index.php\/wp-json\/wp\/v2\/posts\/1219020","targetHints":{"allow":["GET"]}}],"collection":[{"href":"https:\/\/www.acapulcopress.com\/index.php\/wp-json\/wp\/v2\/posts"}],"about":[{"href":"https:\/\/www.acapulcopress.com\/index.php\/wp-json\/wp\/v2\/types\/post"}],"author":[{"embeddable":true,"href":"https:\/\/www.acapulcopress.com\/index.php\/wp-json\/wp\/v2\/users\/2"}],"replies":[{"embeddable":true,"href":"https:\/\/www.acapulcopress.com\/index.php\/wp-json\/wp\/v2\/comments?post=1219020"}],"version-history":[{"count":0,"href":"https:\/\/www.acapulcopress.com\/index.php\/wp-json\/wp\/v2\/posts\/1219020\/revisions"}],"wp:featuredmedia":[{"embeddable":true,"href":"https:\/\/www.acapulcopress.com\/index.php\/wp-json\/"}],"wp:attachment":[{"href":"https:\/\/www.acapulcopress.com\/index.php\/wp-json\/wp\/v2\/media?parent=1219020"}],"wp:term":[{"taxonomy":"category","embeddable":true,"href":"https:\/\/www.acapulcopress.com\/index.php\/wp-json\/wp\/v2\/categories?post=1219020"},{"taxonomy":"post_tag","embeddable":true,"href":"https:\/\/www.acapulcopress.com\/index.php\/wp-json\/wp\/v2\/tags?post=1219020"}],"curies":[{"name":"wp","href":"https:\/\/api.w.org\/{rel}","templated":true}]}}