{"id":1219048,"date":"2021-01-15T23:21:21","date_gmt":"2021-01-16T05:21:21","guid":{"rendered":"https:\/\/www.acapulcopress.com\/?p=1219048"},"modified":"2021-01-15T23:21:21","modified_gmt":"2021-01-16T05:21:21","slug":"ya-se-trabaja-para-la-segunda-dosis-de-la-vacuna-covid-informa-gobernador","status":"publish","type":"post","link":"https:\/\/www.acapulcopress.com\/index.php\/2021\/01\/15\/ya-se-trabaja-para-la-segunda-dosis-de-la-vacuna-covid-informa-gobernador\/","title":{"rendered":"Ya se trabaja para la segunda dosis de la vacuna Covid, informa Gobernador"},"content":{"rendered":"<p style=\"text-align: justify;\">ZIHUATANEJO. | 15 de enero de 2021.<br \/>\n<em>] Gobierno de Guerrero.<\/em><\/p>\n<p style=\"text-align: justify;\">Hay un gran avance en el tema de la aplicaci\u00f3n de la vacuna contra el Covid-19 a personal de Salud y se espera que hoy concluya el proceso de esta primera fase, as\u00ed se dio a conocer durante la transmisi\u00f3n para dar a conocer el comportamiento de la pandemia desde la regi\u00f3n de la Costa Grande, como parte de la gira que realiza el gobernador H\u00e9ctor Astudillo Flores donde supervis\u00f3 e inaugur\u00f3 obras de beneficio social.<\/p>\n<p style=\"text-align: justify;\">En compa\u00f1\u00eda del secretario de Salud, Carlos de la Pe\u00f1a Pintos y del alcalde Jorge S\u00e1nchez Allec, el mandatario estatal hizo hincapi\u00e9 en que en los meses de febrero y marzo se comenzar\u00e1 a aplicar a los diferentes sectores, iniciando por los adultos mayores y tomando como referencia la edad, tal como lo ha dispuesto la Secretar\u00eda de Salud federal.<\/p>\n<p style=\"text-align: justify;\">Al respecto, el secretario de Salud detall\u00f3 que hasta el corte de ayer, se ten\u00eda registrado un avance del 65% en relaci\u00f3n a la meta establecida, la cual se llev\u00f3 a cabo en todos los hospitales Covid pertenecientes al Sector Salud y se espera culmine este d\u00eda.<\/p>\n<p style=\"text-align: justify;\">\u201cSe est\u00e1 llevando bien, ha habido detalles que se han solucionado, sobre la marcha, pero vamos bien en todo lo que es la aplicaci\u00f3n de esta vacuna, que debe de terminarse el d\u00eda de hoy viernes, para finalizar durante estos tres d\u00edas esta jornada intensa, que tiene alrededor de 9 mil 800 vacunas\u201d, explic\u00f3.<\/p>\n<p style=\"text-align: justify;\">A\u00f1adi\u00f3 que se est\u00e1 trabajando en cuanto a los protocolos para la administraci\u00f3n de la segunda dosis y posteriormente, en febrero y marzo se iniciar\u00e1 con la aplicaci\u00f3n a los grupos por edad.<\/p>\n<p style=\"text-align: justify;\"><strong>Los n\u00fameros del Covid en la entidad<\/strong><\/p>\n<p style=\"text-align: justify;\">De acuerdo a la informaci\u00f3n dada a conocer por De la Pe\u00f1a Pintos, en la entidad hay 27 mil 746 casos confirmados acumulados y 2 mil 832 defunciones, destacando que hay una mayor circulaci\u00f3n del virus en la Zona Norte, Tierra Caliente y en algunos municipios de la Costa Grande.<\/p>\n<p style=\"text-align: justify;\">Actualmente hay 348 pacientes hospitalizados, de los cuales 62 se encuentran intubados; se mantiene un promedio de 16.4 defunciones por d\u00eda, en lo que va del mes de enero y hay un 52% de ocupaci\u00f3n hospitalaria.<\/p>\n<p style=\"text-align: justify;\">Para concluir, el gobernador insisti\u00f3 en que es necesario que la poblaci\u00f3n mantenga todos los cuidados preventivos, esto para evitar que se siga dando la proliferaci\u00f3n de contagios.<\/p>\n","protected":false},"excerpt":{"rendered":"<p>ZIHUATANEJO. | 15 de enero de 2021. ] Gobierno de Guerrero. Hay un gran avance en el tema de la aplicaci\u00f3n de la vacuna contra el Covid-19 a personal de Salud y se espera que hoy concluya el proceso de esta primera fase, as\u00ed se dio a conocer durante la transmisi\u00f3n para dar a conocer&#8230;<\/p>\n","protected":false},"author":2,"featured_media":1219049,"comment_status":"closed","ping_status":"closed","sticky":false,"template":"","format":"standard","meta":{"footnotes":""},"categories":[18573,1983],"tags":[6701,6705,9302,9705,16421],"class_list":["post-1219048","post","type-post","status-publish","format-standard","has-post-thumbnail","hentry","category-goverment","category-guerrerogob","tag-covid-19","tag-covid19","tag-gobierno-de-guerrero","tag-hector-astudillo-flores","tag-semaforo-de-riesgo-covid19"],"_links":{"self":[{"href":"https:\/\/www.acapulcopress.com\/index.php\/wp-json\/wp\/v2\/posts\/1219048","targetHints":{"allow":["GET"]}}],"collection":[{"href":"https:\/\/www.acapulcopress.com\/index.php\/wp-json\/wp\/v2\/posts"}],"about":[{"href":"https:\/\/www.acapulcopress.com\/index.php\/wp-json\/wp\/v2\/types\/post"}],"author":[{"embeddable":true,"href":"https:\/\/www.acapulcopress.com\/index.php\/wp-json\/wp\/v2\/users\/2"}],"replies":[{"embeddable":true,"href":"https:\/\/www.acapulcopress.com\/index.php\/wp-json\/wp\/v2\/comments?post=1219048"}],"version-history":[{"count":0,"href":"https:\/\/www.acapulcopress.com\/index.php\/wp-json\/wp\/v2\/posts\/1219048\/revisions"}],"wp:featuredmedia":[{"embeddable":true,"href":"https:\/\/www.acapulcopress.com\/index.php\/wp-json\/"}],"wp:attachment":[{"href":"https:\/\/www.acapulcopress.com\/index.php\/wp-json\/wp\/v2\/media?parent=1219048"}],"wp:term":[{"taxonomy":"category","embeddable":true,"href":"https:\/\/www.acapulcopress.com\/index.php\/wp-json\/wp\/v2\/categories?post=1219048"},{"taxonomy":"post_tag","embeddable":true,"href":"https:\/\/www.acapulcopress.com\/index.php\/wp-json\/wp\/v2\/tags?post=1219048"}],"curies":[{"name":"wp","href":"https:\/\/api.w.org\/{rel}","templated":true}]}}