{"id":1219056,"date":"2021-01-15T23:31:45","date_gmt":"2021-01-16T05:31:45","guid":{"rendered":"https:\/\/www.acapulcopress.com\/?p=1219056"},"modified":"2021-01-15T23:31:45","modified_gmt":"2021-01-16T05:31:45","slug":"al-pri-jamas-le-temblo-la-mano-para-defender-al-gral-cienfuegos-alejandro-moreno","status":"publish","type":"post","link":"https:\/\/www.acapulcopress.com\/index.php\/2021\/01\/15\/al-pri-jamas-le-temblo-la-mano-para-defender-al-gral-cienfuegos-alejandro-moreno\/","title":{"rendered":"Al PRI jam\u00e1s le tembl\u00f3 la mano para defender al Gral. Cienfuegos | Alejandro Moreno"},"content":{"rendered":"<p style=\"text-align: justify;\">CIUDAD DE M\u00c9XICO. | 15 de enero de 2021.<br \/>\n<em>] Prensa PRI.<\/em><\/p>\n<p style=\"text-align: justify;\">El General Salvador Cienfuegos es un mexicano ejemplar y comprometido con nuestra Patria. Por esta raz\u00f3n, al Partido Revolucionario Institucional (PRI), jam\u00e1s le tembl\u00f3 la mano para defender su honorabilidad y la de nuestras Fuerzas Armadas, afirm\u00f3 Alejandro Moreno, Presidente del Comit\u00e9 Ejecutivo Nacional (CEN) de este instituto pol\u00edtico.<\/p>\n<p style=\"text-align: justify;\">En sus redes sociales, el dirigente priista agradeci\u00f3 a Cienfuegos Zepeda por su servicio a M\u00e9xico. Desde octubre del a\u00f1o pasado, despu\u00e9s de su detenci\u00f3n por la DEA, el partido tricolor manifest\u00f3 su confianza en el exfuncionario y le dio su respaldo.<\/p>\n<p style=\"text-align: justify;\">En esa ocasi\u00f3n, el PRI hizo un llamado a la Secretar\u00eda de Hacienda y Cr\u00e9dito P\u00fablico (SHCP) para que, en ejercicio de sus facultades, el Gobierno mexicano interviniera para garantizar la protecci\u00f3n y respaldo institucional del General de Divisi\u00f3n en retiro.<\/p>\n<p style=\"text-align: justify;\">De manera reiterada, el Revolucionario Institucional ha reconocido la labor del Ej\u00e9rcito, la Fuerza A\u00e9rea y la Secretar\u00eda de Marina, instituciones que, subray\u00f3, siempre han actuado a favor de los intereses superiores de la naci\u00f3n con disciplina, entrega, sacrificio y dedicaci\u00f3n.<\/p>\n","protected":false},"excerpt":{"rendered":"<p>CIUDAD DE M\u00c9XICO. | 15 de enero de 2021. ] Prensa PRI. El General Salvador Cienfuegos es un mexicano ejemplar y comprometido con nuestra Patria. Por esta raz\u00f3n, al Partido Revolucionario Institucional (PRI), jam\u00e1s le tembl\u00f3 la mano para defender su honorabilidad y la de nuestras Fuerzas Armadas, afirm\u00f3 Alejandro Moreno, Presidente del Comit\u00e9 Ejecutivo&#8230;<\/p>\n","protected":false},"author":2,"featured_media":1219057,"comment_status":"closed","ping_status":"closed","sticky":false,"template":"","format":"standard","meta":{"footnotes":""},"categories":[1969],"tags":[7016,14914,15207,15954,16200],"class_list":["post-1219056","post","type-post","status-publish","format-standard","has-post-thumbnail","hentry","category-trending","tag-dea","tag-pri","tag-rafael-alejandro-moreno-cardenas","tag-salvador-cienfuegos-zepeda","tag-secretaria-de-hacienda-y-credito-publico-shcp"],"_links":{"self":[{"href":"https:\/\/www.acapulcopress.com\/index.php\/wp-json\/wp\/v2\/posts\/1219056","targetHints":{"allow":["GET"]}}],"collection":[{"href":"https:\/\/www.acapulcopress.com\/index.php\/wp-json\/wp\/v2\/posts"}],"about":[{"href":"https:\/\/www.acapulcopress.com\/index.php\/wp-json\/wp\/v2\/types\/post"}],"author":[{"embeddable":true,"href":"https:\/\/www.acapulcopress.com\/index.php\/wp-json\/wp\/v2\/users\/2"}],"replies":[{"embeddable":true,"href":"https:\/\/www.acapulcopress.com\/index.php\/wp-json\/wp\/v2\/comments?post=1219056"}],"version-history":[{"count":0,"href":"https:\/\/www.acapulcopress.com\/index.php\/wp-json\/wp\/v2\/posts\/1219056\/revisions"}],"wp:featuredmedia":[{"embeddable":true,"href":"https:\/\/www.acapulcopress.com\/index.php\/wp-json\/"}],"wp:attachment":[{"href":"https:\/\/www.acapulcopress.com\/index.php\/wp-json\/wp\/v2\/media?parent=1219056"}],"wp:term":[{"taxonomy":"category","embeddable":true,"href":"https:\/\/www.acapulcopress.com\/index.php\/wp-json\/wp\/v2\/categories?post=1219056"},{"taxonomy":"post_tag","embeddable":true,"href":"https:\/\/www.acapulcopress.com\/index.php\/wp-json\/wp\/v2\/tags?post=1219056"}],"curies":[{"name":"wp","href":"https:\/\/api.w.org\/{rel}","templated":true}]}}