{"id":1219082,"date":"2021-01-17T19:19:02","date_gmt":"2021-01-18T01:19:02","guid":{"rendered":"https:\/\/www.acapulcopress.com\/?p=1219082"},"modified":"2021-01-17T19:19:02","modified_gmt":"2021-01-18T01:19:02","slug":"continuara-realizando-gestoria-social-a-favor-de-los-guerrerenses-dice-manuel-anorve","status":"publish","type":"post","link":"https:\/\/www.acapulcopress.com\/index.php\/2021\/01\/17\/continuara-realizando-gestoria-social-a-favor-de-los-guerrerenses-dice-manuel-anorve\/","title":{"rendered":"Continuar\u00e1 realizando gestor\u00eda social a favor de los guerrerenses, dice Manuel A\u00f1orve"},"content":{"rendered":"<p style=\"text-align: justify;\">ACAPULCO. | 18 de enero de 2021.<br \/>\n<em>] Especial.<\/em><br \/>\nEl Senador de la Rep\u00fablica Manuel A\u00f1orve Ba\u00f1os llev\u00f3 a cabo una serie de actividades recorriendo colonias de Acapulco, en donde sostuvo encuentros con amigos, liderazgos, empresarios y diversos cuadros de la sociedad civil, a quienes les reiter\u00f3 su agradecimiento por el apoyo que siempre le han dado y les expres\u00f3 que seguir\u00e1 con su trabajo social y legislativo por todo el estado.<\/p>\n<p style=\"text-align: justify;\">En la colonia La Poza de Acapulco, A\u00f1orve Ba\u00f1os, acompa\u00f1ado de su esposa la ex diputada federal Julieta Fern\u00e1ndez de A\u00f1orve, el ex diputado local C\u00e9sar Landin Pineda, los ex regidores; Amed Salas Justo y Jaime Col\u00f3n Garcia, as\u00ed como de la comisaria municipal Maricela Arroyo, Leonor Meza, Ana Olea, Roberto Carlos, Kike Arciaga Ozuna, entre otros m\u00e1s, llev\u00f3 la brigada de salud visual \u00abRayito de Luz\u00bb en apoyo de personas de escasos recursos.<\/p>\n<p style=\"text-align: justify;\">Ah\u00ed el Senador A\u00f1orve, manifest\u00f3 que siempre que asiste a La Poza, le trae muy buenos recuerdos, ya que ah\u00ed inici\u00f3 con su carrera pol\u00edtica hace muchos a\u00f1os y que ha podido impulsar muchas acciones como la construcci\u00f3n de la Comisar\u00eda Municipal, la ampliaci\u00f3n de viviendas, el techado de escuelas, entre otros apoyos.<\/p>\n<p style=\"text-align: justify;\">Por su parte, Kike Arciga, refiri\u00f3 que el Senador Manuel A\u00f1orve, es un hombre de resultados, que siempre est\u00e1 dispuesto para apoyar a los ciudadanos con programas como <em>Rayito de Luz<\/em> y otros m\u00e1s que tienen como fin mejorar la calidad de vida de personas que realmente lo necesitan.<\/p>\n<p style=\"text-align: justify;\">\n","protected":false},"excerpt":{"rendered":"<p>ACAPULCO. | 18 de enero de 2021. ] Especial. El Senador de la Rep\u00fablica Manuel A\u00f1orve Ba\u00f1os llev\u00f3 a cabo una serie de actividades recorriendo colonias de Acapulco, en donde sostuvo encuentros con amigos, liderazgos, empresarios y diversos cuadros de la sociedad civil, a quienes les reiter\u00f3 su agradecimiento por el apoyo que siempre le&#8230;<\/p>\n","protected":false},"author":2,"featured_media":1219083,"comment_status":"closed","ping_status":"closed","sticky":false,"template":"","format":"standard","meta":{"footnotes":""},"categories":[2024,18561],"tags":[12366,15317],"class_list":["post-1219082","post","type-post","status-publish","format-standard","has-post-thumbnail","hentry","category-politica-activism","category-society-politics","tag-manuel-anorve-banos","tag-rayito-de-luz"],"_links":{"self":[{"href":"https:\/\/www.acapulcopress.com\/index.php\/wp-json\/wp\/v2\/posts\/1219082","targetHints":{"allow":["GET"]}}],"collection":[{"href":"https:\/\/www.acapulcopress.com\/index.php\/wp-json\/wp\/v2\/posts"}],"about":[{"href":"https:\/\/www.acapulcopress.com\/index.php\/wp-json\/wp\/v2\/types\/post"}],"author":[{"embeddable":true,"href":"https:\/\/www.acapulcopress.com\/index.php\/wp-json\/wp\/v2\/users\/2"}],"replies":[{"embeddable":true,"href":"https:\/\/www.acapulcopress.com\/index.php\/wp-json\/wp\/v2\/comments?post=1219082"}],"version-history":[{"count":0,"href":"https:\/\/www.acapulcopress.com\/index.php\/wp-json\/wp\/v2\/posts\/1219082\/revisions"}],"wp:featuredmedia":[{"embeddable":true,"href":"https:\/\/www.acapulcopress.com\/index.php\/wp-json\/"}],"wp:attachment":[{"href":"https:\/\/www.acapulcopress.com\/index.php\/wp-json\/wp\/v2\/media?parent=1219082"}],"wp:term":[{"taxonomy":"category","embeddable":true,"href":"https:\/\/www.acapulcopress.com\/index.php\/wp-json\/wp\/v2\/categories?post=1219082"},{"taxonomy":"post_tag","embeddable":true,"href":"https:\/\/www.acapulcopress.com\/index.php\/wp-json\/wp\/v2\/tags?post=1219082"}],"curies":[{"name":"wp","href":"https:\/\/api.w.org\/{rel}","templated":true}]}}