{"id":1219088,"date":"2021-01-17T19:46:46","date_gmt":"2021-01-18T01:46:46","guid":{"rendered":"https:\/\/www.acapulcopress.com\/?p=1219088"},"modified":"2021-01-17T19:46:46","modified_gmt":"2021-01-18T01:46:46","slug":"respaldan-transportistas-de-cetig-plan-de-accion-ciudadana-de-yair-garcia","status":"publish","type":"post","link":"https:\/\/www.acapulcopress.com\/index.php\/2021\/01\/17\/respaldan-transportistas-de-cetig-plan-de-accion-ciudadana-de-yair-garcia\/","title":{"rendered":"Respaldan transportistas de CETIG &#8216;Plan de Acci\u00f3n Ciudadana&#8217; de Yair Garc\u00eda"},"content":{"rendered":"<p style=\"text-align: justify;\">ACAPULCO. | 18 de enero de 2021.<br \/>\n<em>] Ciudadano de Tiempo Completo.<br \/>\n<\/em><br \/>\nComo parte de la construcci\u00f3n del <em>Plan de Acci\u00f3n Ciudadana, <\/em>que busca conocer los factores que aquejan a la <img loading=\"lazy\" decoding=\"async\" class=\"alignleft size-medium wp-image-1219090\" src=\"https:\/\/www.acapulco.press\/wp-content\/uploads\/2021\/01\/YAIR-CIUDADANO-375x270.jpg\" alt=\"\" width=\"375\" height=\"270\" \/>sociedad, el <em>Ciudadano de Tiempo Completo, <\/em>Yair Garc\u00eda Delgado<em>,<\/em> visit\u00f3 diferentes sitios de taxis del puerto para conocer de fondo su problemas y crear proyectos a soluciones futuras posibles, basado en los principios de la <em>Cuarta Transformaci\u00f3n<\/em>.<\/p>\n<p style=\"text-align: justify;\">\u201cLos transportistas carecen de oportunidades para mejorar su calidad de vida, no tienen seguro de vida, no tienen oportunidades de cr\u00e9ditos para una vivienda y dejar un patrimonio a su familia\u00bb, por eso \u00abconsideramos que los congresos locales y federales deben empezar a generar acciones para mejorar la condici\u00f3n de vida de los transportistas\u201d, expres\u00f3 Salgado Garc\u00eda ante recibiendo miembros de la Coordinadora Estatal de Transportistas Independientes de Guerrero (CETIG), que respaldaron el proyecto del <em>Ciudadano de Tiempo Completo.<\/em><\/p>\n<p style=\"text-align: justify;\"><img loading=\"lazy\" decoding=\"async\" class=\"alignnone wp-image-1219094 size-large\" src=\"https:\/\/www.acapulco.press\/wp-content\/uploads\/2021\/01\/YAIR-CIUDADANO5-840x640.jpg\" alt=\"\" width=\"840\" height=\"640\" \/><\/p>\n<p style=\"text-align: justify;\"><img loading=\"lazy\" decoding=\"async\" class=\"alignnone wp-image-1219092 size-large\" src=\"https:\/\/www.acapulco.press\/wp-content\/uploads\/2021\/01\/YAIR-CIUDADANO3-840x625.jpg\" alt=\"\" width=\"840\" height=\"625\" \/><\/p>\n<p style=\"text-align: justify;\"><img loading=\"lazy\" decoding=\"async\" class=\"alignnone wp-image-1219095 size-large\" src=\"https:\/\/www.acapulco.press\/wp-content\/uploads\/2021\/01\/YAIR-CIUDADANO6-840x688.jpg\" alt=\"\" width=\"840\" height=\"688\" \/><\/p>\n<p style=\"text-align: justify;\"><img loading=\"lazy\" decoding=\"async\" class=\"alignnone wp-image-1219090 size-large\" src=\"https:\/\/www.acapulco.press\/wp-content\/uploads\/2021\/01\/YAIR-CIUDADANO-840x604.jpg\" alt=\"\" width=\"840\" height=\"604\" \/><\/p>\n","protected":false},"excerpt":{"rendered":"<p>ACAPULCO. | 18 de enero de 2021. ] Ciudadano de Tiempo Completo. Como parte de la construcci\u00f3n del Plan de Acci\u00f3n Ciudadana, que busca conocer los factores que aquejan a la sociedad, el Ciudadano de Tiempo Completo, Yair Garc\u00eda Delgado, visit\u00f3 diferentes sitios de taxis del puerto para conocer de fondo su problemas y crear&#8230;<\/p>\n","protected":false},"author":2,"featured_media":1219091,"comment_status":"closed","ping_status":"closed","sticky":false,"template":"","format":"standard","meta":{"footnotes":""},"categories":[2024,18561],"tags":[5826,6587,6809,14605,18204],"class_list":["post-1219088","post","type-post","status-publish","format-standard","has-post-thumbnail","hentry","category-politica-activism","category-society-politics","tag-ciudadano-de-tiempo-completo","tag-coordinadora-estatal-de-transportistas-independientes-de-guerrero-cetig","tag-cuarta-transformacion","tag-plan-de-accion-ciudadana","tag-yair-garcia-delgado"],"_links":{"self":[{"href":"https:\/\/www.acapulcopress.com\/index.php\/wp-json\/wp\/v2\/posts\/1219088","targetHints":{"allow":["GET"]}}],"collection":[{"href":"https:\/\/www.acapulcopress.com\/index.php\/wp-json\/wp\/v2\/posts"}],"about":[{"href":"https:\/\/www.acapulcopress.com\/index.php\/wp-json\/wp\/v2\/types\/post"}],"author":[{"embeddable":true,"href":"https:\/\/www.acapulcopress.com\/index.php\/wp-json\/wp\/v2\/users\/2"}],"replies":[{"embeddable":true,"href":"https:\/\/www.acapulcopress.com\/index.php\/wp-json\/wp\/v2\/comments?post=1219088"}],"version-history":[{"count":0,"href":"https:\/\/www.acapulcopress.com\/index.php\/wp-json\/wp\/v2\/posts\/1219088\/revisions"}],"wp:featuredmedia":[{"embeddable":true,"href":"https:\/\/www.acapulcopress.com\/index.php\/wp-json\/"}],"wp:attachment":[{"href":"https:\/\/www.acapulcopress.com\/index.php\/wp-json\/wp\/v2\/media?parent=1219088"}],"wp:term":[{"taxonomy":"category","embeddable":true,"href":"https:\/\/www.acapulcopress.com\/index.php\/wp-json\/wp\/v2\/categories?post=1219088"},{"taxonomy":"post_tag","embeddable":true,"href":"https:\/\/www.acapulcopress.com\/index.php\/wp-json\/wp\/v2\/tags?post=1219088"}],"curies":[{"name":"wp","href":"https:\/\/api.w.org\/{rel}","templated":true}]}}