{"id":1219102,"date":"2021-01-17T20:18:36","date_gmt":"2021-01-18T02:18:36","guid":{"rendered":"https:\/\/www.acapulcopress.com\/?p=1219102"},"modified":"2021-01-17T20:18:36","modified_gmt":"2021-01-18T02:18:36","slug":"gobierno-federal-avanza-en-guerrero-gracias-a-coordinacion-con-hector-astudillo-amlo","status":"publish","type":"post","link":"https:\/\/www.acapulcopress.com\/index.php\/2021\/01\/17\/gobierno-federal-avanza-en-guerrero-gracias-a-coordinacion-con-hector-astudillo-amlo\/","title":{"rendered":"Gobierno federal avanza en Guerrero gracias a coordinaci\u00f3n con H\u00e9ctor Astudillo | AMLO"},"content":{"rendered":"<p style=\"text-align: justify;\">JUAN R. ESCUDERO. | 18 de enero de 2021.<br \/>\n<em>] Gobierno de Guerrero.<\/em><\/p>\n<p style=\"text-align: justify;\">El presidente Andr\u00e9s Manuel L\u00f3pez Obrador asegur\u00f3 que gracias al apoyo del gobernador H\u00e9ctor Astudillo Flores, el gobierno de M\u00e9xico ha logrado avanzar en Guerrero, \u201cesto facilita todo, estamos trabajando de manera conjunta con presidentes municipales de Guerrero, con el gobernador de Guerrero, H\u00e9ctor Astudillo y por eso se avanza\u201d, enfatiz\u00f3.<\/p>\n<figure id=\"attachment_1219104\" aria-describedby=\"caption-attachment-1219104\" style=\"width: 375px\" class=\"wp-caption alignleft\"><img loading=\"lazy\" decoding=\"async\" class=\"wp-image-1219104 size-medium\" src=\"https:\/\/www.acapulco.press\/wp-content\/uploads\/2021\/01\/AMLO-GRO-375x250.jpg\" alt=\"\" width=\"375\" height=\"250\" \/><figcaption id=\"caption-attachment-1219104\" class=\"wp-caption-text\"><strong>Andr\u00e9s Manuel L\u00f3pez Obrador<\/strong>. | Presidente de M\u00e9xico.<\/figcaption><\/figure>\n<p style=\"text-align: justify;\">Lo anterior durante la inauguraci\u00f3n de la Universidad para el Bienestar \u201cBenito Ju\u00e1rez\u201d sede Juan R. Escudero, municipio que lleva el nombre de quien fue dirigente obrero y fundador del Partido Obrero Socialista de Acapulco.<\/p>\n<p style=\"text-align: justify;\">En su mensaje de bienvenida en la inauguraci\u00f3n de esta escuela donde mil estudiantes cursan la licenciatura en medicina integral y salud comunitaria, el gobernador H\u00e9ctor Astudillo celebr\u00f3 la instalaci\u00f3n de esta Universidad en la regi\u00f3n, ya que la carrera de medicina es de las m\u00e1s demandadas en la entidad.<\/p>\n<p style=\"text-align: justify;\">Agradeci\u00f3 al presidente Andr\u00e9s Manuel L\u00f3pez Obrador porque en Guerrero se instalaron en Zacualpan, en Atoyac, la licenciatura en Ingenier\u00eda Agroforestal; en la Monta\u00f1a, en el plantel de Metlat\u00f3noc para formar ingenieros e ingenieras en procesos alimentarios; en la Costa Chica, la universidad de Xochistl\u00e1huaca que ofrece la carrera en ingenier\u00eda de desarrollo regional sustentable y la universidad en Tierra Colorada, donde cursan mil alumnos, que son atendidos por 17 docentes.<\/p>\n<figure id=\"attachment_1219105\" aria-describedby=\"caption-attachment-1219105\" style=\"width: 375px\" class=\"wp-caption alignleft\"><img loading=\"lazy\" decoding=\"async\" class=\"wp-image-1219105 size-medium\" style=\"text-align: justify;\" src=\"https:\/\/www.acapulco.press\/wp-content\/uploads\/2021\/01\/ASTUDILLO-FLORES-375x250.jpg\" alt=\"\" width=\"375\" height=\"250\" \/><figcaption id=\"caption-attachment-1219105\" class=\"wp-caption-text\"><strong>H\u00e9ctor Astudillo Flores.<\/strong> | Gobernador de Guerrero.<\/figcaption><\/figure>\n<p style=\"text-align: justify;\">Tambi\u00e9n inform\u00f3 al presidente L\u00f3pez Obrador que el avance en la aplicaci\u00f3n de la primera etapa de la vacuna al personal de salud es del 90.90 por ciento.<\/p>\n<p style=\"text-align: justify;\">Asimismo, el ejecutivo guerrerense entreg\u00f3 al presidente L\u00f3pez Obrador la ficha informativa para concluir el Libramiento de la Caseta la Venta a Bajos del Ejido, que comprende alrededor de 17 kil\u00f3metros.<\/p>\n<p style=\"text-align: justify;\">Agradeci\u00f3 tambi\u00e9n que para el 2021 el gobierno de la Rep\u00fablica nuevamente retome el programa de Fertilizante gratuito en beneficio de los campesinos y productores de Guerrero.<\/p>\n<p style=\"text-align: justify;\">\u201cEl a\u00f1o 2020 fue un a\u00f1o en donde el programa fue muy exitoso, se cumplieron los prop\u00f3sitos, se atendieron a todos y a todas las los que se ten\u00edan que atender y en el 2021 esperamos que sea mucho mejor\u201d, expres\u00f3 Astudillo Flores.<\/p>\n<p style=\"text-align: justify;\">Agreg\u00f3 que con el presidente L\u00f3pez Obrador se realizar\u00e1n los festejos del bicentenario de la independencia de M\u00e9dico, iniciando en Cuilap\u00e1m Oaxaca, donde el general Vicente Guerrero Salda\u00f1a fue fusilado el 14 de febrero de 1831 y posteriormente, el 24 de febrero estar\u00e1 en Iguala.<\/p>\n<p style=\"text-align: justify;\">En su turno durante este segundo d\u00eda de trabajo por Guerrero, el presidente Andr\u00e9s Manuel L\u00f3pez Obrador se\u00f1al\u00f3 que es importante inaugurar esta Universidad que tiene como prop\u00f3sito brindar oportunidades de estudio a j\u00f3venes de escasos recursos econ\u00f3micos.<\/p>\n<p style=\"text-align: justify;\">A\u00f1adi\u00f3 que en Guerrero hay siete universidades en distintas disciplina como en esta escuela que atiende mil alumnos, quienes reciben una beca para que puedan salir adelante.<\/p>\n<p style=\"text-align: justify;\">\u201cEse es el prop\u00f3sito, el objetivo principal de este sistema de educaci\u00f3n superior. Nos comprometimos a que no iba a haber rechazados y eso es lo que estamos procurando\u201d, apunt\u00f3 L\u00f3pez Obrador.<\/p>\n<p style=\"text-align: justify;\">Explic\u00f3 que en el caso particular de Juan R. Escudero, 334 j\u00f3venes reciben un apoyo para capacitarse en el programa J\u00f3venes Construyendo el Futuro, 980 j\u00f3venes becados que estudian en esta universidad.<\/p>\n<p style=\"text-align: justify;\">En el municipio, mil 237 estudiantes de nivel medio superior tienen becas, lo mismo que mil 671 que estudian preescolar, primaria y secundaria.<\/p>\n<p style=\"text-align: justify;\">Adem\u00e1s, mil 921 adultos mayores tienen pensi\u00f3n, 316 ni\u00f1as y ni\u00f1os con discapacidad tienen tambi\u00e9n una pensi\u00f3n, se apoya a mil 741 campesinos, ejidatarios, peque\u00f1os propietarios y comuneros.<\/p>\n<p style=\"text-align: justify;\">Anunci\u00f3 que est\u00e1n en proceso, dos sucursales del Banco del Bienestar para que la gente que recibe sus apoyos no tenga que trasladarse a Chilpancingo o a Acapulco, se han entregado Tandas para el Bienestar a 213 personas con peque\u00f1os negocios, entre otros apoyos.<\/p>\n<p style=\"text-align: justify;\">Adelant\u00f3 que el gobierno federal continuar\u00e1 con el programa de Fertilizante gratuito, donde Guerrero es el \u00fanico estado que tiene este beneficio para todos los productores.<\/p>\n<p style=\"text-align: justify;\">\u201cEsta fue una gesti\u00f3n del gobernador. Ya se manten\u00eda este programa en Guerrero y llegamos al acuerdo de que se iba a hacer cargo el gobierno federal y estamos cumpliendo con ese compromiso\u201d, apunt\u00f3.<\/p>\n<p style=\"text-align: justify;\">\u201cAprovecho para tambi\u00e9n reafirmar el que hemos logrado avanzar mucho en Guerrero por el apoyo del gobernador, esto facilita todo, estamos trabajando de manera conjunta con presidentes municipales de Guerrero, con el gobernador de Guerrero, H\u00e9ctor Astudillo, y por eso se avanza\u201d, enfatiz\u00f3.<\/p>\n<p style=\"text-align: justify;\">Sobre la aplicaci\u00f3n de las vacunas, mostr\u00f3 su benepl\u00e1cito porque pr\u00e1cticamente se concluy\u00f3 la aplicaci\u00f3n de las dosis al personal de salud que atiende a pacientes Covid.<\/p>\n<p style=\"text-align: justify;\">Anunci\u00f3 que la segunda etapa de aplicaci\u00f3n de vacunas ser\u00e1 para 15 millones de adultos mayores, que representan uno de los mayores sectores de riesgo.<\/p>\n<p style=\"text-align: justify;\">En el evento tambi\u00e9n participaron la directora General de Universidades para el Bienestar \u201cBenito Ju\u00e1rez Garc\u00eda\u201d, Raquel Sosa El\u00edzaga; el presidente municipal, Delfino Terrones Ram\u00edrez; el coordinador Acad\u00e9mico de la sede educativa Juan R. Escudero, Prudencio Navarrete P\u00e9rez, as\u00ed como la maestra Roc\u00edo B\u00e1rcena Molina.<\/p>\n","protected":false},"excerpt":{"rendered":"<p>JUAN R. ESCUDERO. | 18 de enero de 2021. ] Gobierno de Guerrero. El presidente Andr\u00e9s Manuel L\u00f3pez Obrador asegur\u00f3 que gracias al apoyo del gobernador H\u00e9ctor Astudillo Flores, el gobierno de M\u00e9xico ha logrado avanzar en Guerrero, \u201cesto facilita todo, estamos trabajando de manera conjunta con presidentes municipales de Guerrero, con el gobernador de&#8230;<\/p>\n","protected":false},"author":2,"featured_media":1219103,"comment_status":"closed","ping_status":"closed","sticky":false,"template":"","format":"standard","meta":{"footnotes":""},"categories":[1972,18574],"tags":[3896,6705,9302,9310,9705,13772,13774],"class_list":["post-1219102","post","type-post","status-publish","format-standard","has-post-thumbnail","hentry","category-special","category-gobierno-la-foto","tag-andres-manuel-lopez-obrador","tag-covid19","tag-gobierno-de-guerrero","tag-gobierno-de-mexico","tag-hector-astudillo-flores","tag-noticias-de-amlo","tag-noticias-de-guerrero"],"_links":{"self":[{"href":"https:\/\/www.acapulcopress.com\/index.php\/wp-json\/wp\/v2\/posts\/1219102","targetHints":{"allow":["GET"]}}],"collection":[{"href":"https:\/\/www.acapulcopress.com\/index.php\/wp-json\/wp\/v2\/posts"}],"about":[{"href":"https:\/\/www.acapulcopress.com\/index.php\/wp-json\/wp\/v2\/types\/post"}],"author":[{"embeddable":true,"href":"https:\/\/www.acapulcopress.com\/index.php\/wp-json\/wp\/v2\/users\/2"}],"replies":[{"embeddable":true,"href":"https:\/\/www.acapulcopress.com\/index.php\/wp-json\/wp\/v2\/comments?post=1219102"}],"version-history":[{"count":0,"href":"https:\/\/www.acapulcopress.com\/index.php\/wp-json\/wp\/v2\/posts\/1219102\/revisions"}],"wp:featuredmedia":[{"embeddable":true,"href":"https:\/\/www.acapulcopress.com\/index.php\/wp-json\/"}],"wp:attachment":[{"href":"https:\/\/www.acapulcopress.com\/index.php\/wp-json\/wp\/v2\/media?parent=1219102"}],"wp:term":[{"taxonomy":"category","embeddable":true,"href":"https:\/\/www.acapulcopress.com\/index.php\/wp-json\/wp\/v2\/categories?post=1219102"},{"taxonomy":"post_tag","embeddable":true,"href":"https:\/\/www.acapulcopress.com\/index.php\/wp-json\/wp\/v2\/tags?post=1219102"}],"curies":[{"name":"wp","href":"https:\/\/api.w.org\/{rel}","templated":true}]}}