{"id":1219118,"date":"2021-01-18T18:09:09","date_gmt":"2021-01-19T00:09:09","guid":{"rendered":"https:\/\/www.acapulcopress.com\/?p=1219118"},"modified":"2021-01-18T18:09:09","modified_gmt":"2021-01-19T00:09:09","slug":"policia-ministerial-de-chilapa-captura-a-un-probable-violador","status":"publish","type":"post","link":"https:\/\/www.acapulcopress.com\/index.php\/2021\/01\/18\/policia-ministerial-de-chilapa-captura-a-un-probable-violador\/","title":{"rendered":"Polic\u00eda Ministerial de Chilapa captura a un probable violador"},"content":{"rendered":"<p>CHILPANCINGO. | 18 de enero de 2021.<br \/>\n<em>\u00a0] <a href=\"https:\/\/fiscaliaguerrero.gob.mx\" target=\"_blank\" rel=\"noopener\">https:\/\/fiscaliaguerrero.gob.mx<\/a>.<\/em><\/p>\n<p style=\"text-align: justify;\">Fiscal\u00eda de Guerrero a trav\u00e9s de la Polic\u00eda Investigadora Ministerial de Chilapa de \u00c1lvarez detuvo a quien dijo llamarse Ricardo \u00abN\u00bb, en el municipio de Atlixtac como probable responsable del delito de violaci\u00f3n, relacionados con hechos en la causa penal 102\/2016-III, quedando a disposici\u00f3n del Juez del Distrito Judicial de \u00c1lvarez.<\/p>\n","protected":false},"excerpt":{"rendered":"<p>CHILPANCINGO. | 18 de enero de 2021. \u00a0] https:\/\/fiscaliaguerrero.gob.mx. Fiscal\u00eda de Guerrero a trav\u00e9s de la Polic\u00eda Investigadora Ministerial de Chilapa de \u00c1lvarez detuvo a quien dijo llamarse Ricardo \u00abN\u00bb, en el municipio de Atlixtac como probable responsable del delito de violaci\u00f3n, relacionados con hechos en la causa penal 102\/2016-III, quedando a disposici\u00f3n del Juez&#8230;<\/p>\n","protected":false},"author":2,"featured_media":1219119,"comment_status":"closed","ping_status":"closed","sticky":false,"template":"","format":"standard","meta":{"footnotes":""},"categories":[18561,2005],"tags":[8682,10946,14737],"class_list":["post-1219118","post","type-post","status-publish","format-standard","has-post-thumbnail","hentry","category-society-politics","category-seguridad-y-justicia","tag-fiscalia-general-de-guerrero-fge","tag-jorge-zuriel-de-los-santos-barrila","tag-policia-ministerial-de-guerrero"],"_links":{"self":[{"href":"https:\/\/www.acapulcopress.com\/index.php\/wp-json\/wp\/v2\/posts\/1219118","targetHints":{"allow":["GET"]}}],"collection":[{"href":"https:\/\/www.acapulcopress.com\/index.php\/wp-json\/wp\/v2\/posts"}],"about":[{"href":"https:\/\/www.acapulcopress.com\/index.php\/wp-json\/wp\/v2\/types\/post"}],"author":[{"embeddable":true,"href":"https:\/\/www.acapulcopress.com\/index.php\/wp-json\/wp\/v2\/users\/2"}],"replies":[{"embeddable":true,"href":"https:\/\/www.acapulcopress.com\/index.php\/wp-json\/wp\/v2\/comments?post=1219118"}],"version-history":[{"count":0,"href":"https:\/\/www.acapulcopress.com\/index.php\/wp-json\/wp\/v2\/posts\/1219118\/revisions"}],"wp:featuredmedia":[{"embeddable":true,"href":"https:\/\/www.acapulcopress.com\/index.php\/wp-json\/"}],"wp:attachment":[{"href":"https:\/\/www.acapulcopress.com\/index.php\/wp-json\/wp\/v2\/media?parent=1219118"}],"wp:term":[{"taxonomy":"category","embeddable":true,"href":"https:\/\/www.acapulcopress.com\/index.php\/wp-json\/wp\/v2\/categories?post=1219118"},{"taxonomy":"post_tag","embeddable":true,"href":"https:\/\/www.acapulcopress.com\/index.php\/wp-json\/wp\/v2\/tags?post=1219118"}],"curies":[{"name":"wp","href":"https:\/\/api.w.org\/{rel}","templated":true}]}}