{"id":1219142,"date":"2021-01-18T19:12:16","date_gmt":"2021-01-19T01:12:16","guid":{"rendered":"https:\/\/www.acapulcopress.com\/?p=1219142"},"modified":"2021-01-18T19:12:16","modified_gmt":"2021-01-19T01:12:16","slug":"estado-y-autoridades-militares-reforzaran-seguridad-en-diversas-zonas-de-acapulco","status":"publish","type":"post","link":"https:\/\/www.acapulcopress.com\/index.php\/2021\/01\/18\/estado-y-autoridades-militares-reforzaran-seguridad-en-diversas-zonas-de-acapulco\/","title":{"rendered":"Estado y autoridades militares reforzar\u00e1n seguridad en diversas zonas de Acapulco"},"content":{"rendered":"<p style=\"text-align: justify;\">CHILPANCINGO. | 18 de enero de 2021.<br \/>\n<em>] Gobierno de Guerrero.<\/em><\/p>\n<p style=\"text-align: justify;\">El gobernador H\u00e9ctor Astudillo Flores con autoridades civiles y militares que integran la Mesa de Coordinaci\u00f3n para la Construcci\u00f3n de la Paz en Guerrero, dio seguimiento a la estrategia de seguridad en la entidad con el prop\u00f3sito de reforzar los operativos enfocados a zonas de mayor incidencia delictiva con el objetivo de contener los delitos de alto <img loading=\"lazy\" decoding=\"async\" class=\"alignleft size-medium wp-image-1219143\" src=\"https:\/\/www.acapulco.press\/wp-content\/uploads\/2021\/01\/MESA-PARA-LA-PAZ-GRO-375x217.jpeg\" alt=\"\" width=\"375\" height=\"217\" \/>impacto y mantener los indicadores a la baja en el estado.<\/p>\n<p style=\"text-align: justify;\">En la sesi\u00f3n de trabajo video conferencia, el Secretario de Seguridad P\u00fablica, David Portillo Menchaca, inform\u00f3 del resumen de la actividad delictiva durante el fin de semana en el estado y los resultados de los operativos coordinados con la Secretar\u00eda de la Defensa Nacional y la Guardia Nacional en la zona Norte y Acapulco.<\/p>\n<p style=\"text-align: justify;\">Por su parte, el Fiscal General del Estado, Jorge Zuriel de los Santos Barrila, detall\u00f3 que se da seguimiento a la investigaci\u00f3n de cada uno de los casos de los hechos delictivos ocurridos en diversas zonas de la entidad a fin de esclarecer los hechos y lograr la identificaci\u00f3n y detenci\u00f3n de los responsables.<\/p>\n<p style=\"text-align: justify;\">El gobernador, acord\u00f3 con la Mesa de Coordinaci\u00f3n para la Construcci\u00f3n de la Paz, reforzar la atenci\u00f3n con de seguridad en diversas zonas de Acapulco a efecto de mejorar las condiciones de tranquilidad en la poblaci\u00f3n.<\/p>\n<p style=\"text-align: justify;\">Adem\u00e1s, H\u00e9ctor Astudillo, agradeci\u00f3 a las instituciones de la Mesa de Coordinaci\u00f3n Estatal su colaboraci\u00f3n durante la visita del Presidente Andr\u00e9s Manuel L\u00f3pez Obrador este fin de semana por los municipios de Petatl\u00e1n, Atoyac y Juan R. Escudero en Guerrero.<\/p>\n<p style=\"text-align: justify;\">Del comportamiento de la actividad tur\u00edstica, se mantuvo una ocupaci\u00f3n hotelera regular sin incremento de turismo con un promedio menor al 30 por ciento durante este fin de semana en Acapulco, Zihuatanejo y Taxco, explic\u00f3 el Secretario de Turismo, Ernesto Rodr\u00edguez Escalona.<\/p>\n<p style=\"text-align: justify;\">En este sentido, el mandatario estatal instruy\u00f3 reforzar las acciones sanitarias para mitigar los contagios en las zonas m\u00e1s concurridas y mantener los operativos de vigilancia de los protocolos sanitarios, que han logrado cerrar establecimientos que no cumplen con estas medidas preventivas.<\/p>\n<p style=\"text-align: justify;\">Rodr\u00edguez Escalona, inform\u00f3 de la nueva disposici\u00f3n del Gobierno de Estados Unidos y Canad\u00e1 que a partir del 26 de enero se les solicita a sus connacionales una prueba de COVID-19 como un requisito en las l\u00edneas a\u00e9reas para poder regresar a sus pa\u00edses de origen.<\/p>\n<p style=\"text-align: justify;\">El Secretario de Salud, Carlos de la Pe\u00f1a Pintos, inform\u00f3 a la Mesa de Coordinaci\u00f3n Estatal, del panorama Estatal del COVID-19 y los trabajos realizados para corregir las incidencias para la atenci\u00f3n m\u00e9dica sea eficiente ante el incremento de contagios y en la ocupaci\u00f3n de camas, adem\u00e1s, indic\u00f3 que se realiz\u00f3 de manera exitosa el proceso de vacunaci\u00f3n a personal de primera l\u00ednea de atenci\u00f3n.<\/p>\n<p style=\"text-align: justify;\">El gobernador H\u00e9ctor Astudillo Flores, puntualiz\u00f3 en la Mesa de Coordinaci\u00f3n Estatal, que es necesario intensificar los trabajos para controlar los contagios que se han incrementado no solo en Guerrero, tambi\u00e9n en todo el pa\u00eds, por lo que es necesario sumar esfuerzos con los presidentes municipales en las estrategias para evitar problemas tanto en la hospitalizaci\u00f3n como en las defunciones de casos COVID-19.<\/p>\n<p style=\"text-align: justify;\">Estuvieron presentes el comandante de la Novena Regi\u00f3n Militar, Eufemio Ibarra Flores; el comandante de la Octava Regi\u00f3n Naval, Francisco Limas L\u00f3pez; el secretario general de Gobierno, Florencio Salazar Adame; el comandante de la 35 Zona Militar, Miguel \u00c1ngel Aguirre L\u00f3pez; el comandante de la 27 zona Militar, Federico San Juan Rosales; el Delegado de la FGR, Fernando Garc\u00eda Fern\u00e1ndez; el Coordinador Estatal de la Guardia Nacional, Lucio Vergara G\u00f3mez.<\/p>\n<p style=\"text-align: justify;\">As\u00ed como el Delegado Federal en Guerrero, Iv\u00e1n Hern\u00e1ndez D\u00edaz; el Presidente de la Comisi\u00f3n Estatal de Derechos Humanos, Ram\u00f3n Navarrete Magdaleno; el Presidente de la Coparmex Chilpancingo, Joel Moreno Tem\u00e9lo; el representante del Centro Nacional de Inteligencia, Juan Gabriel Sosa Pintos; el Secretario T\u00e9cnico, Hermes Teodoro Gonz\u00e1lez; el Secretario de Finanzas y Administraci\u00f3n, Tulio P\u00e9rez Calvo y el Secretario de Protecci\u00f3n Civil, Marco C\u00e9sar Mayares Salvador, entre otros funcionarios estatales y federales.<\/p>\n","protected":false},"excerpt":{"rendered":"<p>CHILPANCINGO. | 18 de enero de 2021. ] Gobierno de Guerrero. El gobernador H\u00e9ctor Astudillo Flores con autoridades civiles y militares que integran la Mesa de Coordinaci\u00f3n para la Construcci\u00f3n de la Paz en Guerrero, dio seguimiento a la estrategia de seguridad en la entidad con el prop\u00f3sito de reforzar los operativos enfocados a zonas&#8230;<\/p>\n","protected":false},"author":2,"featured_media":1219144,"comment_status":"closed","ping_status":"closed","sticky":false,"template":"","format":"standard","meta":{"footnotes":""},"categories":[18573,1983],"tags":[6705,9302,9705,12964,16421],"class_list":["post-1219142","post","type-post","status-publish","format-standard","has-post-thumbnail","hentry","category-goverment","category-guerrerogob","tag-covid19","tag-gobierno-de-guerrero","tag-hector-astudillo-flores","tag-mesa-de-coordinacion-para-la-construccion-de-la-paz","tag-semaforo-de-riesgo-covid19"],"_links":{"self":[{"href":"https:\/\/www.acapulcopress.com\/index.php\/wp-json\/wp\/v2\/posts\/1219142","targetHints":{"allow":["GET"]}}],"collection":[{"href":"https:\/\/www.acapulcopress.com\/index.php\/wp-json\/wp\/v2\/posts"}],"about":[{"href":"https:\/\/www.acapulcopress.com\/index.php\/wp-json\/wp\/v2\/types\/post"}],"author":[{"embeddable":true,"href":"https:\/\/www.acapulcopress.com\/index.php\/wp-json\/wp\/v2\/users\/2"}],"replies":[{"embeddable":true,"href":"https:\/\/www.acapulcopress.com\/index.php\/wp-json\/wp\/v2\/comments?post=1219142"}],"version-history":[{"count":0,"href":"https:\/\/www.acapulcopress.com\/index.php\/wp-json\/wp\/v2\/posts\/1219142\/revisions"}],"wp:featuredmedia":[{"embeddable":true,"href":"https:\/\/www.acapulcopress.com\/index.php\/wp-json\/"}],"wp:attachment":[{"href":"https:\/\/www.acapulcopress.com\/index.php\/wp-json\/wp\/v2\/media?parent=1219142"}],"wp:term":[{"taxonomy":"category","embeddable":true,"href":"https:\/\/www.acapulcopress.com\/index.php\/wp-json\/wp\/v2\/categories?post=1219142"},{"taxonomy":"post_tag","embeddable":true,"href":"https:\/\/www.acapulcopress.com\/index.php\/wp-json\/wp\/v2\/tags?post=1219142"}],"curies":[{"name":"wp","href":"https:\/\/api.w.org\/{rel}","templated":true}]}}