{"id":1219150,"date":"2021-01-18T19:28:31","date_gmt":"2021-01-19T01:28:31","guid":{"rendered":"https:\/\/www.acapulcopress.com\/?p=1219150"},"modified":"2021-01-18T19:28:31","modified_gmt":"2021-01-19T01:28:31","slug":"entrega-gobernador-segunda-etapa-de-la-unidad-deportiva-chilpancingo-ii","status":"publish","type":"post","link":"https:\/\/www.acapulcopress.com\/index.php\/2021\/01\/18\/entrega-gobernador-segunda-etapa-de-la-unidad-deportiva-chilpancingo-ii\/","title":{"rendered":"Entrega Gobernador segunda etapa de la Unidad Deportiva Chilpancingo II"},"content":{"rendered":"<p style=\"text-align: justify;\">CHILPANCINGO. | 18 de enero de 2021.<br \/>\n<em>] Gobierno de Guerrero.<\/em><\/p>\n<p style=\"text-align: justify;\">Como parte de las inversiones para mejorar espacios deportivos, el gobernador H\u00e9ctor Astudillo Flores entreg\u00f3 la segunda etapa de la Unidad Deportiva Chilpancingo II, mejor conocida como <em>Crea.<\/em><\/p>\n<p style=\"text-align: justify;\"><img loading=\"lazy\" decoding=\"async\" class=\"alignleft size-medium wp-image-1219153\" src=\"https:\/\/www.acapulco.press\/wp-content\/uploads\/2021\/01\/haf-crea2-375x250.jpeg\" alt=\"\" width=\"375\" height=\"250\" \/>En la inauguraci\u00f3n de las instalaciones remodeladas, el mandatario estatal puntualiz\u00f3 que esta obra representa una mayor comodidad para las y los deportistas de este municipio, ya que se decidi\u00f3 abrirlo al p\u00fablico para que esta situaci\u00f3n de la pandemia no genere aglomeraciones.<\/p>\n<p style=\"text-align: justify;\">Adelant\u00f3 que con una inversi\u00f3n estatal de 25 millones de pesos se llevar\u00e1 acabo la tercera etapa que incluir\u00e1 un \u00e1rea alimentos, la rehabilitaci\u00f3n del gimnasio con la cancha de duela, techo e impermeabilizaci\u00f3n, la construcci\u00f3n de una pista de patinaje, la rehabilitaci\u00f3n de salones de usos m\u00faltiples, del auditorio y accesos, entre otros espacios.<\/p>\n<p style=\"text-align: justify;\">\u201cComent\u00f3 que se realizar\u00e1 una gesti\u00f3n a la federaci\u00f3n para que concluir al cien por ciento la rehabilitaci\u00f3n del Crea que es un espacio que todos queremos\u201d, expres\u00f3.<\/p>\n<p style=\"text-align: justify;\">\u201cEstas son de las cosas buenas, bonitas que hay que mencionarlas, hay que decirlas , pero tambi\u00e9n vivirlas, hay que disfrutarlas\u201d, se\u00f1al\u00f3.<\/p>\n<p style=\"text-align: justify;\">Refiri\u00f3 que esta obra es un anhelo y compromiso personal con las y los Chilpancingue\u00f1os ya que tambi\u00e9n \u00e9l desde hace varios a\u00f1os realiza deporte en este lugar.<\/p>\n<p style=\"text-align: justify;\">En su mensaje, el encargado de despacho de la Secretar\u00eda de Desarrollo Urbano, Obras P\u00fablicas y Ordenamiento Territorial, Cozovi Ocampo Guzm\u00e1n, coment\u00f3 que hoy se cumple un compromiso m\u00e1s del gobernador H\u00e9ctor Astudillo con las y los deportistas.<img loading=\"lazy\" decoding=\"async\" class=\"alignleft size-medium wp-image-1219151\" src=\"https:\/\/www.acapulco.press\/wp-content\/uploads\/2021\/01\/haf-crea-3-375x250.jpeg\" alt=\"\" width=\"375\" height=\"250\" \/><\/p>\n<p style=\"text-align: justify;\">Detall\u00f3 que en la primera y segunda etapa de rehabilitaci\u00f3n de estas instalaciones se invirtieron en total 50 millones de pesos, consistiendo en la construcci\u00f3n de 4 mil 945 metros de la pista de tart\u00e1n, la cancha de f\u00fatbol soccer con pasto sint\u00e9tico, la construcci\u00f3n de 500 metros de la trota pista y una cerca perimetral en la cancha principal de f\u00fatbol.<\/p>\n<p style=\"text-align: justify;\">Mientras que en la segunda etapa se coloc\u00f3 pasto sint\u00e9tico a una cancha de f\u00fatbol soccer que hab\u00eda estado abandonada, se construyeron 500 metros m\u00e1s de trotapista para llegar a 1 kil\u00f3metro, se rehabilitaron las cuatro canchas de b\u00e1squetbol, un \u00e1rea infantil, la colocaci\u00f3n de 60 luminarias led, se rehabilit\u00f3 y moderniz\u00f3 el \u00e1rea de cafeter\u00eda, tambi\u00e9n incluy\u00f3 la construcci\u00f3n de pasillos y andador de concreto hidr\u00e1ulico.<\/p>\n<p style=\"text-align: justify;\">A su vez, el presidente municipal, Antonio Gaspar Beltr\u00e1n agradeci\u00f3 la intervenci\u00f3n del mandatario guerrerense en esta obra, destacando que vale la pena la inversi\u00f3n en infraestructura deportiva, \u201cla huella que deja H\u00e9ctor Astudillo es de paso fuerte, solidaria, con beneficios tangibles para la poblaci\u00f3n\u201d, afirm\u00f3.<\/p>\n<p style=\"text-align: justify;\">A nombre de las y los deportistas, El\u00edas Hern\u00e1ndez Nava expres\u00f3 un reconocimiento al gobernador H\u00e9ctor Astudillo por dejar esta importante obra que dejar\u00e1 como legado a la capital.<\/p>\n<p style=\"text-align: justify;\">En este acto tambi\u00e9n estuvieron el diputado local, Heriberto Huicochea V\u00e1zquez; el secretario de Finanzas y Administraci\u00f3n, Tulio Samuel P\u00e9rez Calvo y el director del Instituto del Deporte del Estado de Guerrero, Rom\u00e1n Bello Vargas.<\/p>\n","protected":false},"excerpt":{"rendered":"<p>CHILPANCINGO. | 18 de enero de 2021. ] Gobierno de Guerrero. Como parte de las inversiones para mejorar espacios deportivos, el gobernador H\u00e9ctor Astudillo Flores entreg\u00f3 la segunda etapa de la Unidad Deportiva Chilpancingo II, mejor conocida como Crea. En la inauguraci\u00f3n de las instalaciones remodeladas, el mandatario estatal puntualiz\u00f3 que esta obra representa una&#8230;<\/p>\n","protected":false},"author":2,"featured_media":1219152,"comment_status":"closed","ping_status":"closed","sticky":false,"template":"","format":"standard","meta":{"footnotes":""},"categories":[18573,1983],"tags":[9705,10237,15772,17551],"class_list":["post-1219150","post","type-post","status-publish","format-standard","has-post-thumbnail","hentry","category-goverment","category-guerrerogob","tag-hector-astudillo-flores","tag-instituto-del-deporte-del-estado-de-guerrero","tag-roman-bello-vargas","tag-unidad-deportiva-chilpancingo-ii"],"_links":{"self":[{"href":"https:\/\/www.acapulcopress.com\/index.php\/wp-json\/wp\/v2\/posts\/1219150","targetHints":{"allow":["GET"]}}],"collection":[{"href":"https:\/\/www.acapulcopress.com\/index.php\/wp-json\/wp\/v2\/posts"}],"about":[{"href":"https:\/\/www.acapulcopress.com\/index.php\/wp-json\/wp\/v2\/types\/post"}],"author":[{"embeddable":true,"href":"https:\/\/www.acapulcopress.com\/index.php\/wp-json\/wp\/v2\/users\/2"}],"replies":[{"embeddable":true,"href":"https:\/\/www.acapulcopress.com\/index.php\/wp-json\/wp\/v2\/comments?post=1219150"}],"version-history":[{"count":0,"href":"https:\/\/www.acapulcopress.com\/index.php\/wp-json\/wp\/v2\/posts\/1219150\/revisions"}],"wp:featuredmedia":[{"embeddable":true,"href":"https:\/\/www.acapulcopress.com\/index.php\/wp-json\/"}],"wp:attachment":[{"href":"https:\/\/www.acapulcopress.com\/index.php\/wp-json\/wp\/v2\/media?parent=1219150"}],"wp:term":[{"taxonomy":"category","embeddable":true,"href":"https:\/\/www.acapulcopress.com\/index.php\/wp-json\/wp\/v2\/categories?post=1219150"},{"taxonomy":"post_tag","embeddable":true,"href":"https:\/\/www.acapulcopress.com\/index.php\/wp-json\/wp\/v2\/tags?post=1219150"}],"curies":[{"name":"wp","href":"https:\/\/api.w.org\/{rel}","templated":true}]}}