{"id":1219159,"date":"2021-01-18T20:13:59","date_gmt":"2021-01-19T02:13:59","guid":{"rendered":"https:\/\/www.acapulcopress.com\/?p=1219159"},"modified":"2021-01-18T20:13:59","modified_gmt":"2021-01-19T02:13:59","slug":"reconvertiran-hospital-militar-de-chilpancingo-para-atender-a-mas-pacientes-covid-astudillo","status":"publish","type":"post","link":"https:\/\/www.acapulcopress.com\/index.php\/2021\/01\/18\/reconvertiran-hospital-militar-de-chilpancingo-para-atender-a-mas-pacientes-covid-astudillo\/","title":{"rendered":"Reconvertir\u00e1n hospital militar de Chilpancingo para atender a m\u00e1s pacientes Covid | Astudillo"},"content":{"rendered":"<p style=\"text-align: justify;\">CHILPANCINGO. | 18 de enero de 2021.<br \/>\n<em>] Gobierno de Guerrero.<\/em><\/p>\n<p style=\"text-align: justify;\">Con un gran sentido de responsabilidad ante el incremento de casos de Covid-19 en Guerrero y para prevenir una saturaci\u00f3n de hospitales, el gobernador H\u00e9ctor Astudillo Flores anunci\u00f3 que la Secretar\u00eda de la Defensa Nacional reconvertir\u00e1 nuevamente el hospital Militar regional de Chilpancingo.<\/p>\n<p style=\"text-align: justify;\">Durante la transmisi\u00f3n n\u00famero 282, en la que estuvo acompa\u00f1ado por los cinco ganadores del Premio Estatal del Deporte: Sa\u00fal Grande Garc\u00eda, que es Campe\u00f3n Centroamericano de Karate, Jos\u00e9 \u00c1ngel Hern\u00e1ndez Luna, Campe\u00f3n Panamericano de ajedrez, Miguel \u00c1ngel D\u00edaz Miranda, Campe\u00f3n Panamericano de Handball, Suzette Yoselin Quezada, Campeona Nacional de f\u00edsicoculturismo y Juan Luis Mart\u00ednez Espinosa, Campe\u00f3n Nacional de Tiro Deportivo, el titular del Ejecutivo estatal llam\u00f3 a ponerle mucho cuidado al tema del Covid, ya que ha ido creciendo en todo Guerrero.<\/p>\n<p style=\"text-align: justify;\">\u201cTenemos municipios a los que hay que poner mucho cuidado, que la verdad que el contagio ya se ha elevado; caso Chilpancingo, caso Taxco, caso Acapulco tambi\u00e9n, yo creo que hay que ir pensando en c\u00f3mo hacer medidas m\u00e1s estrictas para tratar de cuidar que no nos vaya a crecer tanto, que tengamos que enfrentar situaciones de mayor crisis\u201d, agreg\u00f3.<\/p>\n<p style=\"text-align: justify;\">Anunci\u00f3 que la Secretar\u00eda de la Defensa Nacional ha autorizado nuevamente reconvertir el hospital militar regional con sede en Chilpancingo, gesto que el gobernador agradeci\u00f3.<\/p>\n<p style=\"text-align: justify;\">Ante el incremento en las hospitalizaciones, Astudillo Flores mencion\u00f3 que se est\u00e1 tratando de trasladar a pacientes con Covid-19 a otros lugares, como el que est\u00e1 ubicado en Chilapa.<\/p>\n<p style=\"text-align: justify;\">\u201cEntonces, la situaci\u00f3n ya no es un asunto de que solamente es un comentario, es una realidad y hay que decirlo y hay que ponerlo con todas sus letras\u201d, enfatiz\u00f3.<\/p>\n<p style=\"text-align: justify;\">Tambi\u00e9n apunt\u00f3 que las vacunas se aplicaron exclusivamente a personal de salud que atiende casos de Covid-19 y reprob\u00f3 que algunas personas se hayan vacunado cuando a\u00fan no era su turno.<\/p>\n<p style=\"text-align: justify;\">El mandatario estatal puntualiz\u00f3 que entre febrero y marzo se aplicar\u00e1n las vacunas a adultos mayores, ya que ellos son el principal grupo de riesgo.<\/p>\n<p style=\"text-align: justify;\">\u201cVamos a estar muy pendientes, porque somos guerrerenses y en mi papel de gobernador de Guerrero voy a estar muy pendiente\u201d, se\u00f1al\u00f3.<\/p>\n<p style=\"text-align: justify;\">En la presentaci\u00f3n de los datos t\u00e9cnicos, el secretario de Salud, Carlos de la Pe\u00f1a Pintos inform\u00f3 que la entidad acumula 28 mil 257 casos positivos y 2 mil 865 defunciones.<\/p>\n<p style=\"text-align: justify;\">Sobre los casos nuevos, precis\u00f3 que la incidencia de casos positivos es ondulante, ya que son 132 en las \u00faltimas 24 horas, ubicados b\u00e1sicamente en Acapulco, Iguala, Chilpancingo, Taxco, Teloloapan, entre otros.<\/p>\n<p style=\"text-align: justify;\">Indic\u00f3 que al aumentar los contagios, aumentaron las hospitalizaciones, se reportan 399 pacientes hospitalizados; de estos, 64 en estado cr\u00edtico, situaci\u00f3n similar que se vivi\u00f3 en junio del a\u00f1o pasado, la ocupaci\u00f3n hospitalaria hoy es del 59 por ciento, aunque en pacientes intubados, Guerrero est\u00e1 por debajo de la media nacional.<\/p>\n<p style=\"text-align: justify;\">Tambi\u00e9n estuvieron en la transmisi\u00f3n el jefe de la Oficina del Ejecutivo, Alejandro Bravo Abarca y el secretario de Finanzas y Administraci\u00f3n, Tulio Samuel P\u00e9rez Calvo.<\/p>\n","protected":false},"excerpt":{"rendered":"<p>CHILPANCINGO. | 18 de enero de 2021. ] Gobierno de Guerrero. Con un gran sentido de responsabilidad ante el incremento de casos de Covid-19 en Guerrero y para prevenir una saturaci\u00f3n de hospitales, el gobernador H\u00e9ctor Astudillo Flores anunci\u00f3 que la Secretar\u00eda de la Defensa Nacional reconvertir\u00e1 nuevamente el hospital Militar regional de Chilpancingo. Durante&#8230;<\/p>\n","protected":false},"author":2,"featured_media":1219160,"comment_status":"closed","ping_status":"closed","sticky":false,"template":"","format":"standard","meta":{"footnotes":""},"categories":[18573,1983],"tags":[6705,9705,9877],"class_list":["post-1219159","post","type-post","status-publish","format-standard","has-post-thumbnail","hentry","category-goverment","category-guerrerogob","tag-covid19","tag-hector-astudillo-flores","tag-hospital-militar-regional-de-chilpancingo"],"_links":{"self":[{"href":"https:\/\/www.acapulcopress.com\/index.php\/wp-json\/wp\/v2\/posts\/1219159","targetHints":{"allow":["GET"]}}],"collection":[{"href":"https:\/\/www.acapulcopress.com\/index.php\/wp-json\/wp\/v2\/posts"}],"about":[{"href":"https:\/\/www.acapulcopress.com\/index.php\/wp-json\/wp\/v2\/types\/post"}],"author":[{"embeddable":true,"href":"https:\/\/www.acapulcopress.com\/index.php\/wp-json\/wp\/v2\/users\/2"}],"replies":[{"embeddable":true,"href":"https:\/\/www.acapulcopress.com\/index.php\/wp-json\/wp\/v2\/comments?post=1219159"}],"version-history":[{"count":0,"href":"https:\/\/www.acapulcopress.com\/index.php\/wp-json\/wp\/v2\/posts\/1219159\/revisions"}],"wp:featuredmedia":[{"embeddable":true,"href":"https:\/\/www.acapulcopress.com\/index.php\/wp-json\/"}],"wp:attachment":[{"href":"https:\/\/www.acapulcopress.com\/index.php\/wp-json\/wp\/v2\/media?parent=1219159"}],"wp:term":[{"taxonomy":"category","embeddable":true,"href":"https:\/\/www.acapulcopress.com\/index.php\/wp-json\/wp\/v2\/categories?post=1219159"},{"taxonomy":"post_tag","embeddable":true,"href":"https:\/\/www.acapulcopress.com\/index.php\/wp-json\/wp\/v2\/tags?post=1219159"}],"curies":[{"name":"wp","href":"https:\/\/api.w.org\/{rel}","templated":true}]}}