{"id":1219167,"date":"2021-01-18T20:29:07","date_gmt":"2021-01-19T02:29:07","guid":{"rendered":"https:\/\/www.acapulcopress.com\/?p=1219167"},"modified":"2021-01-18T20:29:07","modified_gmt":"2021-01-19T02:29:07","slug":"estudiantes-de-uagro-siguen-solidarizandose-con-familiares-de-pacientes-covid-en-tlapa","status":"publish","type":"post","link":"https:\/\/www.acapulcopress.com\/index.php\/2021\/01\/18\/estudiantes-de-uagro-siguen-solidarizandose-con-familiares-de-pacientes-covid-en-tlapa\/","title":{"rendered":"Estudiantes de UAGro siguen solidariz\u00e1ndose con familiares de pacientes Covid en Tlapa"},"content":{"rendered":"<p>CHILPANCINGO. | 17 de enero de 2021.<br \/>\n<em>] UAGro.<\/em><\/p>\n<p style=\"text-align: justify;\">Estudiantes de la UAGro siguen dado ejemplo de solidaridad ante los tiempos dif\u00edciles que ha tra\u00eddo esta pandemia al visitar el Hospital General, el Hospital de la Madre y el Ni\u00f1o Ind\u00edgena y la Casa de Jornaleros Agr\u00edcolas en el municipio de Tlapa de Comonfort,\u00a0 llevando comida de manera gratuita a familiares de pacientes con Covid y apoy\u00e1ndolos en estos momentos que se requieren fuerza y esperanza.<\/p>\n\n<p style=\"text-align: justify;\">\n","protected":false},"excerpt":{"rendered":"<p>CHILPANCINGO. | 17 de enero de 2021. ] UAGro. Estudiantes de la UAGro siguen dado ejemplo de solidaridad ante los tiempos dif\u00edciles que ha tra\u00eddo esta pandemia al visitar el Hospital General, el Hospital de la Madre y el Ni\u00f1o Ind\u00edgena y la Casa de Jornaleros Agr\u00edcolas en el municipio de Tlapa de Comonfort,\u00a0 llevando&#8230;<\/p>\n","protected":false},"author":2,"featured_media":1219170,"comment_status":"closed","ping_status":"closed","sticky":false,"template":"","format":"standard","meta":{"footnotes":""},"categories":[18561,2016],"tags":[5336,6705,9855,9872,10644,17463],"class_list":["post-1219167","post","type-post","status-publish","format-standard","has-post-thumbnail","hentry","category-society-politics","category-uagro-society-politics","tag-casa-de-jornaleros-agricolas","tag-covid19","tag-hospital-de-la-madre-y-el-nino-indigena","tag-hospital-general-de-tlapa","tag-javier-saldana-almazan","tag-uagro"],"_links":{"self":[{"href":"https:\/\/www.acapulcopress.com\/index.php\/wp-json\/wp\/v2\/posts\/1219167","targetHints":{"allow":["GET"]}}],"collection":[{"href":"https:\/\/www.acapulcopress.com\/index.php\/wp-json\/wp\/v2\/posts"}],"about":[{"href":"https:\/\/www.acapulcopress.com\/index.php\/wp-json\/wp\/v2\/types\/post"}],"author":[{"embeddable":true,"href":"https:\/\/www.acapulcopress.com\/index.php\/wp-json\/wp\/v2\/users\/2"}],"replies":[{"embeddable":true,"href":"https:\/\/www.acapulcopress.com\/index.php\/wp-json\/wp\/v2\/comments?post=1219167"}],"version-history":[{"count":0,"href":"https:\/\/www.acapulcopress.com\/index.php\/wp-json\/wp\/v2\/posts\/1219167\/revisions"}],"wp:featuredmedia":[{"embeddable":true,"href":"https:\/\/www.acapulcopress.com\/index.php\/wp-json\/"}],"wp:attachment":[{"href":"https:\/\/www.acapulcopress.com\/index.php\/wp-json\/wp\/v2\/media?parent=1219167"}],"wp:term":[{"taxonomy":"category","embeddable":true,"href":"https:\/\/www.acapulcopress.com\/index.php\/wp-json\/wp\/v2\/categories?post=1219167"},{"taxonomy":"post_tag","embeddable":true,"href":"https:\/\/www.acapulcopress.com\/index.php\/wp-json\/wp\/v2\/tags?post=1219167"}],"curies":[{"name":"wp","href":"https:\/\/api.w.org\/{rel}","templated":true}]}}