{"id":1219179,"date":"2021-01-18T12:35:03","date_gmt":"2021-01-18T18:35:03","guid":{"rendered":"https:\/\/www.acapulcopress.com\/?p=1219179"},"modified":"2021-01-18T12:35:03","modified_gmt":"2021-01-18T18:35:03","slug":"exhorta-rector-a-universitarios-seguir-protocolos-sanitarios-en-uagro","status":"publish","type":"post","link":"https:\/\/www.acapulcopress.com\/index.php\/2021\/01\/18\/exhorta-rector-a-universitarios-seguir-protocolos-sanitarios-en-uagro\/","title":{"rendered":"Exhorta Rector a universitarios seguir protocolos sanitarios en UAGro"},"content":{"rendered":"<p>CHILPANCINGO. | 18 de enero de 2021.<br \/>\n<em>] UAGro.<\/em><\/p>\n<p style=\"text-align: justify;\">El Rector de la UAGro, Javier Salda\u00f1a Almaz\u00e1n, record\u00f3 a los universitarios que en este inicio de semana laboral les recordamos sigan el Protocolo de Seguridad Sanitaria para prevenir contagios del Covid-19 dentro y fuera de las Unidades Acad\u00e9micas y centros de trabajo de la UAGro.<\/p>\n<p><em>#LaUAGroTeCuida<\/em><\/p>\n","protected":false},"excerpt":{"rendered":"<p>CHILPANCINGO. | 18 de enero de 2021. ] UAGro. El Rector de la UAGro, Javier Salda\u00f1a Almaz\u00e1n, record\u00f3 a los universitarios que en este inicio de semana laboral les recordamos sigan el Protocolo de Seguridad Sanitaria para prevenir contagios del Covid-19 dentro y fuera de las Unidades Acad\u00e9micas y centros de trabajo de la UAGro&#8230;.<\/p>\n","protected":false},"author":2,"featured_media":1219174,"comment_status":"closed","ping_status":"closed","sticky":false,"template":"","format":"standard","meta":{"footnotes":""},"categories":[18561,2016],"tags":[2767,6705,10644,17463,17610],"class_list":["post-1219179","post","type-post","status-publish","format-standard","has-post-thumbnail","hentry","category-society-politics","category-uagro-society-politics","tag-lauagrotecuida","tag-covid19","tag-javier-saldana-almazan","tag-uagro","tag-universidad-autonoma-de-guerrero-uagro"],"_links":{"self":[{"href":"https:\/\/www.acapulcopress.com\/index.php\/wp-json\/wp\/v2\/posts\/1219179","targetHints":{"allow":["GET"]}}],"collection":[{"href":"https:\/\/www.acapulcopress.com\/index.php\/wp-json\/wp\/v2\/posts"}],"about":[{"href":"https:\/\/www.acapulcopress.com\/index.php\/wp-json\/wp\/v2\/types\/post"}],"author":[{"embeddable":true,"href":"https:\/\/www.acapulcopress.com\/index.php\/wp-json\/wp\/v2\/users\/2"}],"replies":[{"embeddable":true,"href":"https:\/\/www.acapulcopress.com\/index.php\/wp-json\/wp\/v2\/comments?post=1219179"}],"version-history":[{"count":0,"href":"https:\/\/www.acapulcopress.com\/index.php\/wp-json\/wp\/v2\/posts\/1219179\/revisions"}],"wp:featuredmedia":[{"embeddable":true,"href":"https:\/\/www.acapulcopress.com\/index.php\/wp-json\/"}],"wp:attachment":[{"href":"https:\/\/www.acapulcopress.com\/index.php\/wp-json\/wp\/v2\/media?parent=1219179"}],"wp:term":[{"taxonomy":"category","embeddable":true,"href":"https:\/\/www.acapulcopress.com\/index.php\/wp-json\/wp\/v2\/categories?post=1219179"},{"taxonomy":"post_tag","embeddable":true,"href":"https:\/\/www.acapulcopress.com\/index.php\/wp-json\/wp\/v2\/tags?post=1219179"}],"curies":[{"name":"wp","href":"https:\/\/api.w.org\/{rel}","templated":true}]}}