{"id":1219186,"date":"2021-01-18T20:52:46","date_gmt":"2021-01-19T02:52:46","guid":{"rendered":"https:\/\/www.acapulcopress.com\/?p=1219186"},"modified":"2021-01-18T20:52:46","modified_gmt":"2021-01-19T02:52:46","slug":"el-vaticano-modelo-medioambiental-y-sostenible","status":"publish","type":"post","link":"https:\/\/www.acapulcopress.com\/index.php\/2021\/01\/18\/el-vaticano-modelo-medioambiental-y-sostenible\/","title":{"rendered":"El Vaticano, modelo medioambiental y sostenible"},"content":{"rendered":"<p style=\"text-align: justify;\">ROMA. | 18 de enero de 2021.<br \/>\n<em>] <a href=\"https:\/\/www.efeverde.com\/noticias\/vaticano-modelo-medioambiental-sostenible\/\" target=\"_blank\" rel=\"noopener\">Efe Verde<\/a>.<\/em><\/p>\n<p style=\"text-align: justify;\">El Vaticano lleva tiempo trabajando para cumplir el compromiso ambicioso del papa Francisco de reducir a cero las emisiones netas del peque\u00f1o Estado antes de 2050 con la instalaci\u00f3n de paneles solares, el empleo de coches el\u00e9ctricos o luces de bajo consumo, iniciativas con las que quiere enviar un mensaje al mundo.<\/p>\n<p style=\"text-align: justify;\">Y es que la \u201cconversi\u00f3n ecol\u00f3gica\u201d a la que ha invitado el papa Francisco con su enc\u00edclica \u201cLaudato si&#8217;\u201d comenz\u00f3 hace ya tiempo con, por ejemplo, la instalaci\u00f3n en 2008 de paneles solares en el techo de uno de sus principales y m\u00e1s modernos edificios: el Aula Pablo VI, donde se celebran las audiencias y actos del papa y con capacidad para m\u00e1s de 6.000 personas.<\/p>\n<p style=\"text-align: justify;\">El ingeniero Roberto Mignucci, jefe de la oficina de Laboratorios e Instalaciones de la Ciudad del Vaticano, acompa\u00f1a a EFEverde a uno de los lugares m\u00e1s inaccesibles del peque\u00f1o Estado: el techo ondulante del Aula Pablo VI dise\u00f1ada por el arquitecto Pierluigi Nervi, quien ya dispuso en su proyecto la posibilidad de colocar paneles solares.<\/p>\n<p style=\"text-align: justify;\"><strong>Paneles fotovoltaicos y coches el\u00e9ctricos<\/strong><\/p>\n<p style=\"text-align: justify;\">La impresionante y moderna instalaci\u00f3n que destella ante el m\u00e1rmol de los cinco siglos de la bas\u00edlica de San Pedro \u201cest\u00e1 compuesta de 2.200 placas fotovoltaicas activas y 2.200 pasivas que funcionan como reflectores de la luz y que producen una potencia de 215 kw y permiten un ahorro de 250.000 kilogramos de C02 al a\u00f1o\u201d, describe Mignucci.<\/p>\n<p style=\"text-align: justify;\">La energ\u00eda producida en este edificio se vierte \u00edntegramente en la red interna del Vaticano y cubre totalmente la energ\u00eda para iluminaci\u00f3n y climatizaci\u00f3n que se necesita durante los actos del papa.<\/p>\n<p style=\"text-align: justify;\">Por el momento, explican, s\u00f3lo se he podido realizar esta instalaci\u00f3n de energ\u00eda solar, sobre todo porque el resto de edificios no lo permite por su alto valor art\u00edstico y dificultad arquitect\u00f3nica.<\/p>\n<p style=\"text-align: justify;\">Pero, el Vaticano ha continuado su transici\u00f3n ecol\u00f3gica y otra de las novedades introducidas ha sido la de renovar su flota de veh\u00edculos con coches el\u00e9ctricos y la instalaci\u00f3n de columnas de recarga por todo el territorio vaticano. Por el momento hay 10 columnas de recarga instaladas. Todo un r\u00e9cord para un pa\u00eds de medio kil\u00f3metro cuadrado.<\/p>\n<p style=\"text-align: justify;\">El recorrido contin\u00faa con un coche el\u00e9ctrico en los silenciosos jardines vaticanos, que constituyen casi la mitad del territorio de la Ciudad del Vaticano, y donde tambi\u00e9n se han logrado avances importantes en la optimizaci\u00f3n del uso de los recursos h\u00eddricos, con el circuito cerrado en las fuentes y adem\u00e1s la eliminaci\u00f3n de todos los pesticidas y fertilizantes de origen qu\u00edmico.<\/p>\n<p style=\"text-align: justify;\">Tambi\u00e9n se han instalado en edificios como el del Archivo vaticano vidrios dobles, ventanas de bajo consumo energ\u00e9tico, mamparas solares que no permiten la introducci\u00f3n de la carga t\u00e9rmica en el entorno y ahorro de energ\u00eda de refrigeraci\u00f3n.<\/p>\n<p style=\"text-align: justify;\"><strong>Nueva luz y sostenible<\/strong><\/p>\n<p style=\"text-align: justify;\">En los edificios hist\u00f3ricos es dif\u00edcil actual externamente, pero el Vaticano realiz\u00f3 en 2014 una importante intervenci\u00f3n en la iluminaci\u00f3n en la Capilla Sixtina sustituyendo la anterior por led, lo que supuso una reducci\u00f3n del 60 % en los costes energ\u00e9ticos y las emisiones de gases de efecto invernadero y una ralentizaci\u00f3n del envejecimiento de los frescos.<\/p>\n<p style=\"text-align: justify;\">Adem\u00e1s, explica Mignucci, tambi\u00e9n se cambi\u00f3 la iluminaci\u00f3n de la bas\u00edlica de San Pedro, con luces led que requieren una potencia de 12w contra los 70w instalados anteriormente, y para la plaza con un ahorro de energ\u00eda del 70 %.<\/p>\n<p style=\"text-align: justify;\"><strong>Objetivo: emisiones cero en el Vaticano<\/strong><\/p>\n<p style=\"text-align: justify;\">\u00bfSe conseguir\u00e1 el objetivo de emisiones cero en 2050?. El director de la Direcci\u00f3n de Infraestructura y Servicios de la Ciudad del Vaticano, el espa\u00f1ol Rafael Garc\u00eda de la Serrana Villalobos, afirma en una entrevista con EFEverde que se trata de \u201cun objetivo ambicioso, aunque hay muchos a\u00f1os y mucho trabajo por delante\u201c.<\/p>\n<p style=\"text-align: justify;\">Se declara optimista en conseguir el resultado porque se lleva trabajando \u201cmuchos a\u00f1os en el cuidado del ambiente y para reducir las emisiones\u201d.<\/p>\n<p style=\"text-align: justify;\">\u201cEl anuncio del papa nos ha impulsado a continuar los proyectos ya empezados y a renovarlos. Por ejemplo, a seguir apostando por las energ\u00edas renovables, disminuir el consumo de energ\u00eda, implementar las tecnolog\u00edas limpias con proyectos como el de la movilidad el\u00e9ctrica y los puntos de recarga, con el que tenemos un margen de crecimiento enorme\u201d, explica.<\/p>\n<p style=\"text-align: justify;\">Otro \u00e1mbito del modelo sostenible que quiere aplicar el Vaticano es el de \u201cla econom\u00eda circular y la idea y filosof\u00eda es que los residuos no son un deshecho, sino un valor que tenemos que aprender a reutilizar\u201d y asegura que ya se est\u00e1 empezando a aplicar \u201clos residuos sanitarios como fuentes de energ\u00eda\u201d.<\/p>\n<p style=\"text-align: justify;\">Para ello, el Vaticano ha instalado entre sus muros un ecocentro al que se llevan todos los residuos que vienen tratados para facilitar su reutilizaci\u00f3n. \u201cY cada a\u00f1o aumenta lo que estamos capaces de reutilizar\u201d, asegura Garc\u00eda de la Serrana.<\/p>\n<p style=\"text-align: justify;\">La diferenciaci\u00f3n de los residuos alcanz\u00f3 en 2016 el 46 %; el 65 % en 2020 y el objetivo es lograr para 2023 el 75 % y el 99 % en el caso de residuos especiales.<\/p>\n<p style=\"text-align: justify;\">\u201cAdem\u00e1s, la central t\u00e9rmica del Vaticano se cambi\u00f3 por una de alto rendimiento y se cambiaron todas la subcentrales t\u00e9rmicas, se han renovado las cabinas el\u00e9ctricas de media tensi\u00f3n y desde 2019 est\u00e1 garantizada que toda la electricidad que llega viene de energ\u00edas renovables\u201d, asegura.<\/p>\n<p style=\"text-align: justify;\">Garc\u00eda de la Serrana explica que el valor que aporta este modelo medioambiental del Vaticano al mundo es peque\u00f1o, pero sobre todo cuenta el mensaje.<\/p>\n<p style=\"text-align: justify;\">\u201cNuestros numeros aportan poco, pero lo que aportamos es capacidad de colaboraci\u00f3n. Muchos de estos proyectos los hemos hecho con empresas diferentes del Vaticano y nos llena de satisfacci\u00f3n estas colaboraciones. El papa con su enc\u00edclica ha movido a las personas a colaborar\u201d, se\u00f1ala.<\/p>\n<p style=\"text-align: justify;\">Y m\u00e1s importante de lo que hace el Vaticano, agrega, \u201ces impulsar fuera la preocupaci\u00f3n por el ambiente\u201d.<\/p>\n","protected":false},"excerpt":{"rendered":"<p>ROMA. | 18 de enero de 2021. ] Efe Verde. El Vaticano lleva tiempo trabajando para cumplir el compromiso ambicioso del papa Francisco de reducir a cero las emisiones netas del peque\u00f1o Estado antes de 2050 con la instalaci\u00f3n de paneles solares, el empleo de coches el\u00e9ctricos o luces de bajo consumo, iniciativas con las&#8230;<\/p>\n","protected":false},"author":2,"featured_media":1219187,"comment_status":"closed","ping_status":"closed","sticky":false,"template":"","format":"standard","meta":{"footnotes":""},"categories":[18568,1988],"tags":[2359,7790,12889],"class_list":["post-1219186","post","type-post","status-publish","format-standard","has-post-thumbnail","hentry","category-ciencia-y-tecnologia","category-lifestyles","tag-conversion-ecologica","tag-el-vaticano","tag-medioambiente-sustentable"],"_links":{"self":[{"href":"https:\/\/www.acapulcopress.com\/index.php\/wp-json\/wp\/v2\/posts\/1219186","targetHints":{"allow":["GET"]}}],"collection":[{"href":"https:\/\/www.acapulcopress.com\/index.php\/wp-json\/wp\/v2\/posts"}],"about":[{"href":"https:\/\/www.acapulcopress.com\/index.php\/wp-json\/wp\/v2\/types\/post"}],"author":[{"embeddable":true,"href":"https:\/\/www.acapulcopress.com\/index.php\/wp-json\/wp\/v2\/users\/2"}],"replies":[{"embeddable":true,"href":"https:\/\/www.acapulcopress.com\/index.php\/wp-json\/wp\/v2\/comments?post=1219186"}],"version-history":[{"count":0,"href":"https:\/\/www.acapulcopress.com\/index.php\/wp-json\/wp\/v2\/posts\/1219186\/revisions"}],"wp:featuredmedia":[{"embeddable":true,"href":"https:\/\/www.acapulcopress.com\/index.php\/wp-json\/"}],"wp:attachment":[{"href":"https:\/\/www.acapulcopress.com\/index.php\/wp-json\/wp\/v2\/media?parent=1219186"}],"wp:term":[{"taxonomy":"category","embeddable":true,"href":"https:\/\/www.acapulcopress.com\/index.php\/wp-json\/wp\/v2\/categories?post=1219186"},{"taxonomy":"post_tag","embeddable":true,"href":"https:\/\/www.acapulcopress.com\/index.php\/wp-json\/wp\/v2\/tags?post=1219186"}],"curies":[{"name":"wp","href":"https:\/\/api.w.org\/{rel}","templated":true}]}}