{"id":1219192,"date":"2021-01-18T14:03:29","date_gmt":"2021-01-18T20:03:29","guid":{"rendered":"https:\/\/www.acapulcopress.com\/?p=1219192"},"modified":"2021-01-18T14:03:29","modified_gmt":"2021-01-18T20:03:29","slug":"union-de-indigenas-radicados-de-acapulco-cierra-filas-con-victor-aguirre","status":"publish","type":"post","link":"https:\/\/www.acapulcopress.com\/index.php\/2021\/01\/18\/union-de-indigenas-radicados-de-acapulco-cierra-filas-con-victor-aguirre\/","title":{"rendered":"Uni\u00f3n de Ind\u00edgenas Radicados en Acapulco cierra filas con V\u00edctor Aguirre"},"content":{"rendered":"<p style=\"text-align: justify;\">ACAPULCO. | 18 de enero de 2021.<br \/>\n<em>]\u00a0 Prensa #VAA.<\/em><\/p>\n<p style=\"text-align: justify;\">En un di\u00e1logo con integrantes de la Uni\u00f3n de Ind\u00edgenas Radicados en Acapulco (UIRA), V\u00edctor Aguirre Alcaide refrend\u00f3 su compromiso de transformar Acapulco.<\/p>\n<p style=\"text-align: justify;\">\u00abEs momento de cerrar filas, trabajar por el bien de Acapulco, sobre todo con ustedes y trabajar en un di\u00e1logo y trato justo y digno\u00bb, remarc\u00f3.<\/p>\n<p style=\"text-align: justify;\">Afirm\u00f3 que es necesario que se dignifique a la direcci\u00f3n municipal de Atenci\u00f3n a Grupos \u00c9tnicos, fortaleciendo la comunicaci\u00f3n y acercamiento con los grupos ind\u00edgenas radicados en el puerto.<\/p>\n<p style=\"text-align: justify;\">\u00abEs el momento en que la direcci\u00f3n de (atenci\u00f3n a grupos \u00e9tnicos) est\u00e9 en movimiento, tengan encuentros y recorran las escuelas biling\u00fces y tengamos un historial de salud de ellos y ellas en la cuesti\u00f3n del Covid-19 y otras\u00bb.<\/p>\n<p style=\"text-align: justify;\">Inform\u00f3 que la dependencia municipal de asuntos ind\u00edgenas, debe mejorar su presupuesto para atender las demandas y necesidades de la comunidad ind\u00edgena.<\/p>\n<p style=\"text-align: justify;\">Adem\u00e1s, manifest\u00f3 su compromiso en la instalaci\u00f3n de un monumento de Cuauht\u00e9moc, una vez llegando a la nueva administraci\u00f3n municipal.<\/p>\n<p style=\"text-align: justify;\">El presidente de la Asociaci\u00f3n Civil \u00abPor Acapulco Hagamos M\u00e1s\u00bb estuvo acompa\u00f1ado del l\u00edder de la Uni\u00f3n de Ind\u00edgenas Radicados en Acapulco (UIRA), Romualdo Vel\u00e1zquez Gonz\u00e1lez, el l\u00edder transportista de Acapulco, Omar Reyes, y el ex regidor y diputado Wulfrano Salgado.<\/p>\n","protected":false},"excerpt":{"rendered":"<p>ACAPULCO. | 18 de enero de 2021. ]\u00a0 Prensa #VAA. En un di\u00e1logo con integrantes de la Uni\u00f3n de Ind\u00edgenas Radicados en Acapulco (UIRA), V\u00edctor Aguirre Alcaide refrend\u00f3 su compromiso de transformar Acapulco. \u00abEs momento de cerrar filas, trabajar por el bien de Acapulco, sobre todo con ustedes y trabajar en un di\u00e1logo y trato&#8230;<\/p>\n","protected":false},"author":2,"featured_media":1219194,"comment_status":"closed","ping_status":"closed","sticky":false,"template":"","format":"standard","meta":{"footnotes":""},"categories":[2024,1972,18561,18577],"tags":[2276,15782,17587,17843,18096],"class_list":["post-1219192","post","type-post","status-publish","format-standard","has-post-thumbnail","hentry","category-politica-activism","category-special","category-society-politics","category-politica-la-foto","tag-por-acapulco-hagamos-mas","tag-romualdo-velazquez-gonzalez","tag-union-de-indigenas-radicados-en-acapulco-uira","tag-victor-aguirre-alcaide","tag-wulfrano-salgado-romero"],"_links":{"self":[{"href":"https:\/\/www.acapulcopress.com\/index.php\/wp-json\/wp\/v2\/posts\/1219192","targetHints":{"allow":["GET"]}}],"collection":[{"href":"https:\/\/www.acapulcopress.com\/index.php\/wp-json\/wp\/v2\/posts"}],"about":[{"href":"https:\/\/www.acapulcopress.com\/index.php\/wp-json\/wp\/v2\/types\/post"}],"author":[{"embeddable":true,"href":"https:\/\/www.acapulcopress.com\/index.php\/wp-json\/wp\/v2\/users\/2"}],"replies":[{"embeddable":true,"href":"https:\/\/www.acapulcopress.com\/index.php\/wp-json\/wp\/v2\/comments?post=1219192"}],"version-history":[{"count":0,"href":"https:\/\/www.acapulcopress.com\/index.php\/wp-json\/wp\/v2\/posts\/1219192\/revisions"}],"wp:featuredmedia":[{"embeddable":true,"href":"https:\/\/www.acapulcopress.com\/index.php\/wp-json\/"}],"wp:attachment":[{"href":"https:\/\/www.acapulcopress.com\/index.php\/wp-json\/wp\/v2\/media?parent=1219192"}],"wp:term":[{"taxonomy":"category","embeddable":true,"href":"https:\/\/www.acapulcopress.com\/index.php\/wp-json\/wp\/v2\/categories?post=1219192"},{"taxonomy":"post_tag","embeddable":true,"href":"https:\/\/www.acapulcopress.com\/index.php\/wp-json\/wp\/v2\/tags?post=1219192"}],"curies":[{"name":"wp","href":"https:\/\/api.w.org\/{rel}","templated":true}]}}