{"id":1219202,"date":"2021-01-18T21:24:58","date_gmt":"2021-01-19T03:24:58","guid":{"rendered":"https:\/\/www.acapulcopress.com\/?p=1219202"},"modified":"2021-01-18T21:24:58","modified_gmt":"2021-01-19T03:24:58","slug":"mananeras-son-un-hartazgo-poniatowska","status":"publish","type":"post","link":"https:\/\/www.acapulcopress.com\/index.php\/2021\/01\/18\/mananeras-son-un-hartazgo-poniatowska\/","title":{"rendered":"&#8216;Ma\u00f1aneras&#8217; son un hartazgo | Poniatowska"},"content":{"rendered":"<p style=\"text-align: justify;\"><em>* La escritora se dijo plenamente convencida de que las conferencias de prensa matutinas son un exceso del poder presidencial y un abuso y \u00abse han convertido en una comedia de equivocaciones\u00bb.\u00a0<\/em><\/p>\n<p style=\"text-align: justify;\"><strong><em>*\u00a0 \u201cSe\u00f1or Presidente, ya p\u00e1rele a las ma\u00f1aneras porque han provocado un hartazgo y nos tienen a todos al borde de la irritaci\u00f3n y confrontaci\u00f3n nacional\u201d, escribi\u00f3 en Twitter la escritora y periodista Elena Poniatowska a su amigo L\u00f3pez Obrador.<\/em><\/strong><\/p>\n<p style=\"text-align: justify;\">CIUDAD DE M\u00c9XICO. | 18 de enero de 2021.<br \/>\n<em>] <a href=\"https:\/\/www.proceso.com.mx\/nacional\/politica\/2021\/1\/18\/ya-parele-las-mananeras-provocan-hartazgo-elena-poniatowska-amlo-256492.html\" target=\"_blank\" rel=\"noopener\">Apro<\/a>.<\/em><\/p>\n<p style=\"text-align: justify;\">\u201cSe\u00f1or presidente, ya p\u00e1rele a las ma\u00f1aneras porque han provocado un hartazgo y nos tienen a todos al borde de la irritaci\u00f3n y confrontaci\u00f3n nacional\u201d, afirm\u00f3 la escritora y periodista Elena Poniatowska Amor, af\u00edn a la 4T y amiga del presidente Andr\u00e9s Manuel L\u00f3pez Obrador.<\/p>\n<p style=\"text-align: justify;\">En entrevista con Edmundo C\u00e1zares para \u00cdndice Pol\u00edtico, la ganadora del Premio Cervantes exclam\u00f3: \u201c\u00a1Es muy terrible y muy lamentable que el presidente Andr\u00e9s Manuel L\u00f3pez Obrador divida a los mexicanos!\u201d.<\/p>\n<p style=\"text-align: justify;\">En las intimidades de su hogar, al sur de la ciudad de M\u00e9xico y debido a las medidas sanitarias frente a la pandemia, le pidi\u00f3 hacer la entrevista v\u00eda zoom. Estuvo acompa\u00f1ada por su gatita \u201cBaisy\u201d y confes\u00f3 estar afligida porque ten\u00eda otro gatito, \u201cMonsi\u201d, que se sali\u00f3 de su casa y jam\u00e1s regres\u00f3.<\/p>\n<p style=\"text-align: justify;\"><strong>\u00ab\u00c9l no le hace caso a nadie\u00bb<\/strong><\/p>\n<p style=\"text-align: justify;\">La tambi\u00e9n acreedora del Premio Nacional de Periodismo (1979) se dijo plenamente convencida de que las conferencias de prensa ma\u00f1aneras son un exceso del poder presidencial y un abuso.<\/p>\n<p style=\"text-align: justify;\">Consider\u00f3 que han creado un hartazgo nacional que tiene a todos al borde de la irritaci\u00f3n y la confrontaci\u00f3n nacional, por lo que propuso que se realicen una vez a la semana para darle un mayor sentido a la informaci\u00f3n.<\/p>\n<p style=\"text-align: justify;\">\u201cEs un abuso de poder obligar a los periodistas que vayan todas las madrugadas a hacer preguntas a modo. \u00a1Las ma\u00f1aneras son innecesarias y hasta contraproducentes!\u201d, sentenci\u00f3 la autora de La noche de Tlatelolco.<\/p>\n<p style=\"text-align: justify;\">\u201cLas ma\u00f1aneras se han convertido en una comedia de equivocaciones desde el emblem\u00e1tico Palacio Nacional y adem\u00e1s, en nada le favorecen ni al propio presidente ni mucho menos al pa\u00eds. La vida y el desarrollo del pa\u00eds no estriba en el di\u00e1logo entre el presidente y los periodistas sino que est\u00e1 en los hechos, en lo bien que puedan hacer sus art\u00edculos los periodistas\u201d, afirm\u00f3.<\/p>\n<p style=\"text-align: justify;\">Al ser cuestionada sobre si le dir\u00eda esto personalmente al presidente, resalt\u00f3 que \u00e9l \u201cno le hace caso a nadie\u201d y \u00faltimamente es sumamente dif\u00edcil acerc\u00e1rsele, verlo y hablar con \u00e9l, destac\u00f3 la tambi\u00e9n nominada al Premio Pr\u00edncipe de Asturias de las Letras (2013)<\/p>\n<p style=\"text-align: justify;\">\u201cEs que el presidente L\u00f3pez Obrador ya nos tiene a todos al borde de la irritaci\u00f3n social. Antes hab\u00eda confrontaciones y no obstante que desconozco a fondo la gesti\u00f3n de cada presidente que ha tenido M\u00e9xico pero s\u00ed, creo que no es necesario que se exponga cada ma\u00f1ana y en la forma en que lo est\u00e1 haciendo\u201d, consider\u00f3 la asimismo condecorada con la Medalla Bellas Artes (2014).<\/p>\n<p style=\"text-align: justify;\"><strong>Colaboradores de la tercera edad<\/strong><\/p>\n<p style=\"text-align: justify;\">Tambi\u00e9n dijo no encontrarle explicaci\u00f3n al por qu\u00e9 casi la mayor\u00eda de sus cercanos colaboradores sean de la tercera edad porque casi no pueden rendir de manera eficaz como lo requiere el pa\u00eds, indic\u00f3 la escritora que el 19 de mayo pr\u00f3ximo cumplir\u00e1 89 a\u00f1os de edad.<\/p>\n<p style=\"text-align: justify;\">No obstante, recomend\u00f3 a L\u00f3pez Obrador \u201cestar abierto a la opini\u00f3n de periodistas como Jorge Zepeda Patterson, Jorge Fern\u00e1ndez Men\u00e9ndez y otros m\u00e1s que son excelentes cr\u00edticos y muy justos\u201d.<\/p>\n<p style=\"text-align: justify;\">Asimismo, coment\u00f3 que no se trata de esconder los defectos ni errores que comete el presidente ni mucho menos de lo mal que est\u00e1 el pa\u00eds, pues tambi\u00e9n siempre se ha hablado de la corrupci\u00f3n en los peri\u00f3dicos y de las enormes tajadas que recib\u00edan quienes cubr\u00edan las fuentes de la presidencia, ante lo cual, expres\u00f3: \u201c\u00a1Uff! Lo que hay que sanear es todo el mundo del periodismo\u201d.<\/p>\n<p style=\"text-align: justify;\">\u2013\u00bfExiste el peligro que se le vaya el pa\u00eds de las manos al presidente? \u2013le pregunt\u00f3.<\/p>\n<p style=\"text-align: justify;\">\u2013No, no lo creo y digo que no porque justamente M\u00e9xico es un pa\u00eds de iluminados, existen hombres y mujeres muy valiosos \u2013dijo en la entrevista.<\/p>\n<p style=\"text-align: justify;\"><code><\/code><\/p>\n<blockquote class=\"twitter-tweet\">\n<p dir=\"ltr\" lang=\"es\">\u201cSe\u00f1or Presidente, ya p\u00e1rele a las ma\u00f1aneras porque han provocado un hartazgo y nos tienen a todos al borde de la irritaci\u00f3n y confrontaci\u00f3n nacional\u201d. \u2013<a href=\"https:\/\/twitter.com\/Eponiatowska?ref_src=twsrc%5Etfw\">@Eponiatowska<\/a><\/p>\n<p>\u00a1Lee el art\u00edculo completo! \u26a0\ufe0f\ud83d\udc47\ud83c\udffc<a href=\"https:\/\/t.co\/rbF34HQuh1\">https:\/\/t.co\/rbF34HQuh1<\/a><\/p>\n<p>\u2014 Fundaci\u00f3n Poniatowska (@FEPoniatowskaA) <a href=\"https:\/\/twitter.com\/FEPoniatowskaA\/status\/1351271123279876098?ref_src=twsrc%5Etfw\">January 18, 2021<\/a><\/p><\/blockquote>\n<p style=\"text-align: justify;\"><script async src=\"https:\/\/platform.twitter.com\/widgets.js\" charset=\"utf-8\"><\/script><\/p>\n","protected":false},"excerpt":{"rendered":"<p>* La escritora se dijo plenamente convencida de que las conferencias de prensa matutinas son un exceso del poder presidencial y un abuso y \u00abse han convertido en una comedia de equivocaciones\u00bb.\u00a0 *\u00a0 \u201cSe\u00f1or Presidente, ya p\u00e1rele a las ma\u00f1aneras porque han provocado un hartazgo y nos tienen a todos al borde de la irritaci\u00f3n&#8230;<\/p>\n","protected":false},"author":2,"featured_media":1219203,"comment_status":"closed","ping_status":"closed","sticky":false,"template":"","format":"standard","meta":{"footnotes":""},"categories":[18579,1972,1997],"tags":[2581,3896,7825,9027],"class_list":["post-1219202","post","type-post","status-publish","format-standard","has-post-thumbnail","hentry","category-educacion-y-cultura","category-special","category-noticias-destacadas","tag-4t","tag-andres-manuel-lopez-obrador","tag-elena-poniatowska-amor","tag-fundacion-poniatowska"],"_links":{"self":[{"href":"https:\/\/www.acapulcopress.com\/index.php\/wp-json\/wp\/v2\/posts\/1219202","targetHints":{"allow":["GET"]}}],"collection":[{"href":"https:\/\/www.acapulcopress.com\/index.php\/wp-json\/wp\/v2\/posts"}],"about":[{"href":"https:\/\/www.acapulcopress.com\/index.php\/wp-json\/wp\/v2\/types\/post"}],"author":[{"embeddable":true,"href":"https:\/\/www.acapulcopress.com\/index.php\/wp-json\/wp\/v2\/users\/2"}],"replies":[{"embeddable":true,"href":"https:\/\/www.acapulcopress.com\/index.php\/wp-json\/wp\/v2\/comments?post=1219202"}],"version-history":[{"count":0,"href":"https:\/\/www.acapulcopress.com\/index.php\/wp-json\/wp\/v2\/posts\/1219202\/revisions"}],"wp:featuredmedia":[{"embeddable":true,"href":"https:\/\/www.acapulcopress.com\/index.php\/wp-json\/"}],"wp:attachment":[{"href":"https:\/\/www.acapulcopress.com\/index.php\/wp-json\/wp\/v2\/media?parent=1219202"}],"wp:term":[{"taxonomy":"category","embeddable":true,"href":"https:\/\/www.acapulcopress.com\/index.php\/wp-json\/wp\/v2\/categories?post=1219202"},{"taxonomy":"post_tag","embeddable":true,"href":"https:\/\/www.acapulcopress.com\/index.php\/wp-json\/wp\/v2\/tags?post=1219202"}],"curies":[{"name":"wp","href":"https:\/\/api.w.org\/{rel}","templated":true}]}}