{"id":1219219,"date":"2021-01-18T22:01:59","date_gmt":"2021-01-19T04:01:59","guid":{"rendered":"https:\/\/www.acapulcopress.com\/?p=1219219"},"modified":"2021-01-18T22:01:59","modified_gmt":"2021-01-19T04:01:59","slug":"1219219","status":"publish","type":"post","link":"https:\/\/www.acapulcopress.com\/index.php\/2021\/01\/18\/1219219\/","title":{"rendered":"Fallece el cineasta cubano Juan Carlos Tab\u00edo"},"content":{"rendered":"<p style=\"text-align: justify;\">LA HABANA. | 18 de enero de 2021.<br \/>\n<em>] <a href=\"https:\/\/www.efe.com\/efe\/america\/cultura\/fallece-el-cineasta-cubano-juan-carlos-tabio\/20000009-4443146\" target=\"_blank\" rel=\"noopener\">Efe<\/a>.<\/em><\/p>\n<p style=\"text-align: justify;\">El director de cine Juan Carlos Tab\u00edo, coautor de cl\u00e1sicos de la filmograf\u00eda cubana como \u201cFresa y Chocolate\u201d o \u201cGuantanamera\u201d, falleci\u00f3 este lunes en La Habana a los 78 a\u00f1os, inform\u00f3 el Instituto de Arte e Industria Cinematogr\u00e1fica de Cuba (ICAIC).<\/p>\n<p style=\"text-align: justify;\">La obra de Tab\u00edo (1943), quien mereci\u00f3 el Premio Nacional de Cine en 2014, \u201ces parte de la trascendente historia del cine cubano\u201d, resalt\u00f3 el ICAIC en su cuenta de<em> Twitter<\/em>.<\/p>\n<p style=\"text-align: justify;\">El legado del respetado cineasta incluye 41 documentales y pel\u00edculas de ficci\u00f3n, entre ellos t\u00edtulos de culto para el p\u00fablico y la cr\u00edtica por su capacidad de trasmitir el sentido del humor de los cubanos a la vez que plasmaba la realidad y los problemas del pa\u00eds. As\u00ed lo hizo en piezas como la comedia \u201cSe permuta\u201d (1985), su primer largometraje de ficci\u00f3n y el t\u00edtulo m\u00e1s ic\u00f3nico de su carrera, devenido en cl\u00e1sico del g\u00e9nero, en el que se luci\u00f3 como protagonista la vedette Rosita Forn\u00e9s, fallecida el a\u00f1o pasado.<\/p>\n<p style=\"text-align: justify;\">Tambi\u00e9n destac\u00f3 como codirector, junto a Tom\u00e1s Guti\u00e9rrez Alea (ya fallecido), de los filmes \u201cFresa y chocolate\u201d (1993), que estuvo nominada al \u00d3scar como Mejor Pel\u00edcula de Habla No Inglesa y cosech\u00f3 una veintena de premios internacionales, y \u201cGuantanamera\u201d (1995).<\/p>\n<p style=\"text-align: justify;\">Otros filmes suyos que arrancaron la risa al p\u00fablico con su carga de humor corrosivo son \u201cPlaff\u201d (1988), \u201cLista de espera\u201d (2000) y \u201cEl cuerno de la abundancia\u201d (2009), estos dos \u00faltimos con el actor Jorge Perugorr\u00eda a la cabeza del reparto.<\/p>\n<p style=\"text-align: justify;\">Tab\u00edo conjug\u00f3 su labor detr\u00e1s de las c\u00e1maras con la de profesor de gui\u00f3n y direcci\u00f3n en la Escuela Internacional de Cine y Televisi\u00f3n de San Antonio de los Ba\u00f1os, en cuyos auspicios se involucr\u00f3 Gabriel Garc\u00eda M\u00e1rquez. Sus talleres de gui\u00f3n, direcci\u00f3n y dramaturgia se extendieron a otros pa\u00edses como M\u00e9xico, Costa Rica y Panam\u00e1.<\/p>\n<p style=\"text-align: justify;\">En 2011 trabaj\u00f3 en el proyecto de la serie largometraje \u201cSiete d\u00edas en La Habana\u201d, junto al actor puertorrique\u00f1o Benicio del Toro, el director espa\u00f1ol Julio Medem, el franc\u00e9s Laurent Cantet, el argentino Pablo Trapero, el palestino Elia Suleiman y el argentino-franc\u00e9s Gaspar Noe.<\/p>\n<p style=\"text-align: justify;\">Las condolencias por la muerte de Tab\u00edo se han multiplicado desde que se conoci\u00f3 la noticia, entre ellas las del Ministerio cubano de Cultura y la Casa de las Am\u00e9ricas.<\/p>\n<p style=\"text-align: justify;\">Los cubanos tambi\u00e9n han mostrado en las redes sociales su pesar por la p\u00e9rdida del cineasta, cuyos restos ser\u00e1n cremados, a la espera de que se conozcan los detalles sobre los actos de despedida de uno de los padres del cine contempor\u00e1neo de la isla.<\/p>\n","protected":false},"excerpt":{"rendered":"<p>LA HABANA. | 18 de enero de 2021. ] Efe. El director de cine Juan Carlos Tab\u00edo, coautor de cl\u00e1sicos de la filmograf\u00eda cubana como \u201cFresa y Chocolate\u201d o \u201cGuantanamera\u201d, falleci\u00f3 este lunes en La Habana a los 78 a\u00f1os, inform\u00f3 el Instituto de Arte e Industria Cinematogr\u00e1fica de Cuba (ICAIC). La obra de Tab\u00edo&#8230;<\/p>\n","protected":false},"author":2,"featured_media":1219220,"comment_status":"closed","ping_status":"closed","sticky":false,"template":"","format":"standard","meta":{"footnotes":""},"categories":[18563,1988],"tags":[5786,5792,7697,8963,9527,10200,11170,11999,14599,16613],"class_list":["post-1219219","post","type-post","status-publish","format-standard","has-post-thumbnail","hentry","category-entretenimiento","category-lifestyles","tag-cine-cubano","tag-cine-latinoamericano","tag-el-cuerno-de-la-abundancia","tag-fresa-y-chocolate","tag-guantanamera","tag-instituto-de-arte-e-industria-cinematografica-de-cuba-icaic","tag-juan-carlos-tabio","tag-lista-de-espera","tag-plaff","tag-siete-dias-en-la-habana"],"_links":{"self":[{"href":"https:\/\/www.acapulcopress.com\/index.php\/wp-json\/wp\/v2\/posts\/1219219","targetHints":{"allow":["GET"]}}],"collection":[{"href":"https:\/\/www.acapulcopress.com\/index.php\/wp-json\/wp\/v2\/posts"}],"about":[{"href":"https:\/\/www.acapulcopress.com\/index.php\/wp-json\/wp\/v2\/types\/post"}],"author":[{"embeddable":true,"href":"https:\/\/www.acapulcopress.com\/index.php\/wp-json\/wp\/v2\/users\/2"}],"replies":[{"embeddable":true,"href":"https:\/\/www.acapulcopress.com\/index.php\/wp-json\/wp\/v2\/comments?post=1219219"}],"version-history":[{"count":0,"href":"https:\/\/www.acapulcopress.com\/index.php\/wp-json\/wp\/v2\/posts\/1219219\/revisions"}],"wp:featuredmedia":[{"embeddable":true,"href":"https:\/\/www.acapulcopress.com\/index.php\/wp-json\/"}],"wp:attachment":[{"href":"https:\/\/www.acapulcopress.com\/index.php\/wp-json\/wp\/v2\/media?parent=1219219"}],"wp:term":[{"taxonomy":"category","embeddable":true,"href":"https:\/\/www.acapulcopress.com\/index.php\/wp-json\/wp\/v2\/categories?post=1219219"},{"taxonomy":"post_tag","embeddable":true,"href":"https:\/\/www.acapulcopress.com\/index.php\/wp-json\/wp\/v2\/tags?post=1219219"}],"curies":[{"name":"wp","href":"https:\/\/api.w.org\/{rel}","templated":true}]}}