{"id":1219229,"date":"2021-01-18T22:31:16","date_gmt":"2021-01-19T04:31:16","guid":{"rendered":"https:\/\/www.acapulcopress.com\/?p=1219229"},"modified":"2021-01-18T22:31:16","modified_gmt":"2021-01-19T04:31:16","slug":"chile-colombia-guatemala-y-mexico-nominados-al-goya-iberoamericano","status":"publish","type":"post","link":"https:\/\/www.acapulcopress.com\/index.php\/2021\/01\/18\/chile-colombia-guatemala-y-mexico-nominados-al-goya-iberoamericano\/","title":{"rendered":"Chile, Colombia, Guatemala y M\u00e9xico, nominados al Goya iberoamericano"},"content":{"rendered":"<p style=\"text-align: justify;\">MADRID. | 18 de enero de 2021.<br \/>\n<em>] <a href=\"https:\/\/www.efe.com\/efe\/america\/cultura\/chile-colombia-guatemala-y-mexico-nominados-al-goya-iberoamericano\/20000009-4442686\" target=\"_blank\" rel=\"noopener\">Efe<\/a>.<\/em><\/p>\n<p style=\"text-align: justify;\">&#8216;El agente Topo&#8217; (Chile), &#8216;El olvido que seremos&#8217; (Colombia), &#8216;La llorona&#8217; (Guatemala) y &#8216;Ya no estoy aqu\u00ed&#8217; (M\u00e9xico), son las pel\u00edculas nominadas al Premio Goya a mejor pel\u00edcula iberoamericana.<\/p>\n<p style=\"text-align: justify;\">&#8216;El agente topo&#8217;, de la chilena Maite Alberdi, que ya compiti\u00f3 en los Goya de 2011 con &#8216;La Once&#8217;, es una tierna pel\u00edcula de esp\u00edas, casi un thriller, protagonizada por un octogenario esp\u00eda al que contrata un cliente para que act\u00fae de infiltrado en la residencia de ancianos en la que vive su madre y averig\u00fce c\u00f3mo la tratan. El Festival de San Sebasti\u00e1n proyecto este filme en su secci\u00f3n Perlas.<\/p>\n<p style=\"text-align: justify;\">Fernando Trueba dirige la adaptaci\u00f3n del libro autobiogr\u00e1fico del colombiano H\u00e9ctor Abad Faciolince &#8216;El olvido que seremos&#8217;, que protagoniza el espa\u00f1ol Javier C\u00e1mara, en el papel del padre del escritor, en una producci\u00f3n totalmente colombiana, m\u00e1s que fiel al texto original. Una pel\u00edcula que estaba previsto presentarse en el suspendido Festival de Cannes de 2020.<\/p>\n<p style=\"text-align: justify;\">&#8216;La llorona&#8217;, que dirige Jayro Bustamante, es una relectura de la vieja leyenda mexicana de &#8216;La llorona&#8217;, un personaje atrapado entre el cielo y el infierno. Es la historia de un rencor y de una venganza en un filme que se present\u00f3 en el Festival de Venecia.<\/p>\n<p style=\"text-align: justify;\">Mientras que &#8216;Ya no estoy aqu\u00ed&#8217;, de Fernando Fr\u00edas, se desarrolla en Monterrey, est\u00e1 ambientada en la guerra contra el narcotr\u00e1fico a finales de la primera d\u00e9cada del siglo XXI y el protagonista es Ulises, un joven amante de la cumbia. Una pel\u00edcula que fue la gran triunfadora de los \u00faltimos Premios Ariel, con diez galardones, incluido el de mejor filme.<\/p>\n<p style=\"text-align: justify;\">La pel\u00edcula que se lleve el Goya este a\u00f1o sustituir\u00e1 en el palmar\u00e9s a la argentina &#8216;La odisea de los giles&#8217;, de Sebasti\u00e1n Borenzstein, que lo gan\u00f3 en la \u00faltima edici\u00f3n.<\/p>\n<p style=\"text-align: justify;\">Para Chile esta es su d\u00e9cimo octava nominaci\u00f3n, de las que cuatro se han traducido en premio. El \u00faltimo en la edici\u00f3n de 2018, para &#8216;Una mujer fant\u00e1stica&#8217;, de Sebasti\u00e1n Lelio. Colombia suma ya 12 candidaturas a mejor pel\u00edcula iberoamericana pero si el filme de Trueba lo gana ser\u00eda el primer Goya para este pa\u00eds.<\/p>\n<p style=\"text-align: justify;\">Tambi\u00e9n ser\u00eda el primero para Guatemala, que adem\u00e1s es la primera vez que consigue nominaci\u00f3n en la categor\u00eda. Y en el caso de M\u00e9xico, se ha llevado el Goya a mejor pel\u00edcula iberoamericana en tres ocasiones y suma 19 nominaciones.<\/p>\n<p style=\"text-align: justify;\">Los <a href=\"https:\/\/estaticos-cdn.prensaiberica.es\/statics\/microsite\/goya\/nominados-goya-2021.html?pp&amp;_ga=2.105119299.1399194986.1611030131-1604347443.1611030129\" target=\"_blank\" rel=\"noopener\">premiados<\/a> se conocer\u00e1n en una gala que se celebrar\u00e9 el 6 de marzo en M\u00e1laga, con conexiones con Valencia.<\/p>\n","protected":false},"excerpt":{"rendered":"<p>MADRID. | 18 de enero de 2021. ] Efe. &#8216;El agente Topo&#8217; (Chile), &#8216;El olvido que seremos&#8217; (Colombia), &#8216;La llorona&#8217; (Guatemala) y &#8216;Ya no estoy aqu\u00ed&#8217; (M\u00e9xico), son las pel\u00edculas nominadas al Premio Goya a mejor pel\u00edcula iberoamericana. &#8216;El agente topo&#8217;, de la chilena Maite Alberdi, que ya compiti\u00f3 en los Goya de 2011 con&#8230;<\/p>\n","protected":false},"author":2,"featured_media":1219230,"comment_status":"closed","ping_status":"closed","sticky":false,"template":"","format":"standard","meta":{"footnotes":""},"categories":[18563,1988],"tags":[5790,14831],"class_list":["post-1219229","post","type-post","status-publish","format-standard","has-post-thumbnail","hentry","category-entretenimiento","category-lifestyles","tag-cine-iberoamericano","tag-premio-goya"],"_links":{"self":[{"href":"https:\/\/www.acapulcopress.com\/index.php\/wp-json\/wp\/v2\/posts\/1219229","targetHints":{"allow":["GET"]}}],"collection":[{"href":"https:\/\/www.acapulcopress.com\/index.php\/wp-json\/wp\/v2\/posts"}],"about":[{"href":"https:\/\/www.acapulcopress.com\/index.php\/wp-json\/wp\/v2\/types\/post"}],"author":[{"embeddable":true,"href":"https:\/\/www.acapulcopress.com\/index.php\/wp-json\/wp\/v2\/users\/2"}],"replies":[{"embeddable":true,"href":"https:\/\/www.acapulcopress.com\/index.php\/wp-json\/wp\/v2\/comments?post=1219229"}],"version-history":[{"count":0,"href":"https:\/\/www.acapulcopress.com\/index.php\/wp-json\/wp\/v2\/posts\/1219229\/revisions"}],"wp:featuredmedia":[{"embeddable":true,"href":"https:\/\/www.acapulcopress.com\/index.php\/wp-json\/"}],"wp:attachment":[{"href":"https:\/\/www.acapulcopress.com\/index.php\/wp-json\/wp\/v2\/media?parent=1219229"}],"wp:term":[{"taxonomy":"category","embeddable":true,"href":"https:\/\/www.acapulcopress.com\/index.php\/wp-json\/wp\/v2\/categories?post=1219229"},{"taxonomy":"post_tag","embeddable":true,"href":"https:\/\/www.acapulcopress.com\/index.php\/wp-json\/wp\/v2\/tags?post=1219229"}],"curies":[{"name":"wp","href":"https:\/\/api.w.org\/{rel}","templated":true}]}}