{"id":1219252,"date":"2021-01-18T23:03:56","date_gmt":"2021-01-19T05:03:56","guid":{"rendered":"https:\/\/www.acapulcopress.com\/?p=1219252"},"modified":"2021-01-18T23:03:56","modified_gmt":"2021-01-19T05:03:56","slug":"plan-nacional-de-vacunacion-covid19-un-fracaso-jesus-zambrano","status":"publish","type":"post","link":"https:\/\/www.acapulcopress.com\/index.php\/2021\/01\/18\/plan-nacional-de-vacunacion-covid19-un-fracaso-jesus-zambrano\/","title":{"rendered":"Plan Nacional de Vacunaci\u00f3n Covid19, un fracaso | Jes\u00fas Zambrano"},"content":{"rendered":"<p style=\"text-align: justify;\">CIUDAD DE M\u00c9XICO. | 18 de enero de 2021.<br \/>\n<em>] Prensa PRD.<\/em><\/p>\n<p style=\"text-align: justify;\">La renuncia de la directora del Centro Nacional para la Salud de la Infancia y de la Adolescencia -quien fuera tambi\u00e9n jefa del Programa de Vacunaci\u00f3n Universal y responsable del Plan de Vacunaci\u00f3n contra COVID19- es una evidencia clara del desastre con el que el Gobierno Federal ha manejado el proceso de administraci\u00f3n y distribuci\u00f3n de los ant\u00edgenos. \u201cAdem\u00e1s es una irresponsabilidad no priorizar las vacunas para la poblaci\u00f3n vulnerable y para el personal m\u00e9dico\u201d, se\u00f1al\u00f3 el Presidente Nacional del Partido de la Revoluci\u00f3n Democr\u00e1tica, (PRD) Jes\u00fas Zambrano Grijalva.<\/p>\n<p style=\"text-align: justify;\">Asimismo, se\u00f1al\u00f3 el l\u00edder perredista, en lugar de que sea el Consejo Nacional de Vacunaci\u00f3n el organismo responsable de este proceso, el Presidente de la Rep\u00fablica ha designado que sean sus operadores electorales, los Servidores de la Naci\u00f3n, para coordinar las alrededor de 10 mil brigadas que aplicar\u00e1n el ant\u00edgeno en todo el pa\u00eds.<\/p>\n<p style=\"text-align: justify;\">\u201cEl uso electoral de las vacunas contra el COVID-19 por parte del Gobierno Federal es ilegal y sin \u00e9tica. Morena quiere conservar el poder a toda costa y por encima de la salud de las y los mexicanos\u201d, afirm\u00f3.<\/p>\n<p style=\"text-align: justify;\">En este sentido a\u00f1adi\u00f3 que ante las casi 150 mil defunciones y el peor momento de la pandemia en nuestro pa\u00eds, el titular del Ejecutivo Federal orquesta una estrategia electoral antidemocr\u00e1tica en perjuicio del derecho a la salud de las y los mexicanos.<\/p>\n<p style=\"text-align: justify;\">Por este motivo, Jes\u00fas Zambrano alert\u00f3 sobre el control pol\u00edtico que el gobierno de Morena busca ejercer a trav\u00e9s de la vacuna contra el virus SARS-CoV-2, ya que la inmunizaci\u00f3n deber\u00eda ser un derecho y no un insumo electoral usado a discrecionalidad. En este sentido se ha pronunciado Ver\u00f3nica Ju\u00e1rez Pi\u00f1a, coordinadora del Grupo Parlamentario del PRD en la C\u00e1mara de Diputados, quien ha denunciado que los Servidores de la Naci\u00f3n han sido priorizados para la vacunaci\u00f3n por encima de la poblaci\u00f3n vulnerable y el resto de personal m\u00e9dico que no ha sido inmunizado.<\/p>\n<p style=\"text-align: justify;\">Adem\u00e1s, destac\u00f3 el l\u00edder perredista, \u201cpor si fuera poco, el Presidente de la Rep\u00fablica ha declarado que disminuir\u00e1 el n\u00famero de dosis para el pa\u00eds suministradas por Pfizer para destinarlas a pa\u00edses pobres. Pero se le olvida que hay m\u00e1s de 10 millones de mexicanas y mexicanos que pasaron a la pobreza por causa de la crisis econ\u00f3mica m\u00e1s grave en M\u00e9xico durante el \u00faltimo siglo. Es un crimen lo que pretende hacer\u00bb.<\/p>\n<p style=\"text-align: justify;\">Por lo anterior, refrend\u00f3 el papel del PRD como garante del bienestar de la sociedad mexicana, en espec\u00edfico del respeto irrestricto al derecho a la salud. As\u00ed, este instituto pol\u00edtico buscar\u00e1, desde el Congreso de la Uni\u00f3n y los gobiernos locales que abandera, ser un contrapeso en alianza con otras fuerzas pol\u00edticas para detener la ruta homicida y antidemocr\u00e1tica del actual plan de vacunaci\u00f3n.<\/p>\n","protected":false},"excerpt":{"rendered":"<p>CIUDAD DE M\u00c9XICO. | 18 de enero de 2021. ] Prensa PRD. La renuncia de la directora del Centro Nacional para la Salud de la Infancia y de la Adolescencia -quien fuera tambi\u00e9n jefa del Programa de Vacunaci\u00f3n Universal y responsable del Plan de Vacunaci\u00f3n contra COVID19- es una evidencia clara del desastre con el&#8230;<\/p>\n","protected":false},"author":2,"featured_media":1219253,"comment_status":"closed","ping_status":"closed","sticky":false,"template":"","format":"standard","meta":{"footnotes":""},"categories":[1969],"tags":[3793,9310,10764,14615,14804],"class_list":["post-1219252","post","type-post","status-publish","format-standard","has-post-thumbnail","hentry","category-trending","tag-amlo","tag-gobierno-de-mexico","tag-jesus-zambrano-grijalva","tag-plan-de-vacunacion-contra-covid-19","tag-prd"],"_links":{"self":[{"href":"https:\/\/www.acapulcopress.com\/index.php\/wp-json\/wp\/v2\/posts\/1219252","targetHints":{"allow":["GET"]}}],"collection":[{"href":"https:\/\/www.acapulcopress.com\/index.php\/wp-json\/wp\/v2\/posts"}],"about":[{"href":"https:\/\/www.acapulcopress.com\/index.php\/wp-json\/wp\/v2\/types\/post"}],"author":[{"embeddable":true,"href":"https:\/\/www.acapulcopress.com\/index.php\/wp-json\/wp\/v2\/users\/2"}],"replies":[{"embeddable":true,"href":"https:\/\/www.acapulcopress.com\/index.php\/wp-json\/wp\/v2\/comments?post=1219252"}],"version-history":[{"count":0,"href":"https:\/\/www.acapulcopress.com\/index.php\/wp-json\/wp\/v2\/posts\/1219252\/revisions"}],"wp:featuredmedia":[{"embeddable":true,"href":"https:\/\/www.acapulcopress.com\/index.php\/wp-json\/"}],"wp:attachment":[{"href":"https:\/\/www.acapulcopress.com\/index.php\/wp-json\/wp\/v2\/media?parent=1219252"}],"wp:term":[{"taxonomy":"category","embeddable":true,"href":"https:\/\/www.acapulcopress.com\/index.php\/wp-json\/wp\/v2\/categories?post=1219252"},{"taxonomy":"post_tag","embeddable":true,"href":"https:\/\/www.acapulcopress.com\/index.php\/wp-json\/wp\/v2\/tags?post=1219252"}],"curies":[{"name":"wp","href":"https:\/\/api.w.org\/{rel}","templated":true}]}}