{"id":1219266,"date":"2021-01-19T18:26:38","date_gmt":"2021-01-20T00:26:38","guid":{"rendered":"https:\/\/www.acapulcopress.com\/?p=1219266"},"modified":"2021-01-19T18:26:38","modified_gmt":"2021-01-20T00:26:38","slug":"asiste-victor-aguirre-a-toma-de-protesta-de-estructuras-sociales-y-digital-del-prd-acapulco","status":"publish","type":"post","link":"https:\/\/www.acapulcopress.com\/index.php\/2021\/01\/19\/asiste-victor-aguirre-a-toma-de-protesta-de-estructuras-sociales-y-digital-del-prd-acapulco\/","title":{"rendered":"Asiste V\u00edctor Aguirre a toma de protesta de estructuras sociales y digital del PRD Acapulco"},"content":{"rendered":"<p style=\"text-align: justify;\">ACAPULCO. | 19 de enero de 2021.<br \/>\n<em>] Prensa #VAA.<\/em><\/p>\n<p style=\"text-align: justify;\">V\u00edctor Aguirre Alcaide asisti\u00f3 a la toma de protesta de representantes de estructuras territoriales sociales y digital junto al coordinador de unidad del PRD, Evodio Vel\u00e1zquez Aguirre en Acapulco.<\/p>\n<p style=\"text-align: justify;\"><img loading=\"lazy\" decoding=\"async\" class=\"alignleft size-medium wp-image-1219275\" src=\"https:\/\/www.acapulco.press\/wp-content\/uploads\/2021\/01\/VAA-y-Evodio-375x251.jpg\" alt=\"\" width=\"375\" height=\"251\" \/>Esta formaci\u00f3n de estructura, es para sentar las bases en la era digital y a trav\u00e9s de las redes sociales y ser una alternativa efectiva para ampliar la agenda del Partido de la Revoluci\u00f3n Democr\u00e1tica (PRD), manifest\u00f3 el coordinador de unidad y estructura del PRD, Evodio Vel\u00e1zquez Aguirre.<\/p>\n<p style=\"text-align: justify;\">Al tomar protesta a la estructura de Icacos y Costa Azul, Vel\u00e1zquez Aguirre y Aguirre Alcaide reconoci\u00f3 el trabajo de la militancia y simpatizantes del partido y buscan siempre, el bien de la comunidad y el trabajo en equipo.<\/p>\n<p style=\"text-align: justify;\">El compromiso a continuar trabajando por parte de la <img loading=\"lazy\" decoding=\"async\" class=\"alignleft size-medium wp-image-1219272\" src=\"https:\/\/www.acapulco.press\/wp-content\/uploads\/2021\/01\/VAA-y-Evodio-2-375x251.jpg\" alt=\"\" width=\"375\" height=\"251\" \/>pr\u00f3xima contienda electoral y estructura.<\/p>\n<p style=\"text-align: justify;\">En otro evento, Aguirre Alcaide acompa\u00f1\u00f3 Evodio Vel\u00e1zquez en conferencia de prensa, d\u00f3nde anunci\u00f3 el arranque de toma de protesta de estructura territorial y digital.<\/p>\n<p style=\"text-align: justify;\">El precandidato estuvo acompa\u00f1ado del coordinador de unidad y estructura del PRD, Evodio Vel\u00e1zquez Aguirre, el presidente del PRD en Acapulco, Bulmaro Cabrera, el ex regidor y diputado, Wulfrano Salgado, la precandidata del 03 distrito local, Sheyla, la diputada local del PRD, Dimna Salgado Apatiga y la regidora del PRD, Gereli Astudillo Ibarrondo y otros.<\/p>\n<p><img loading=\"lazy\" decoding=\"async\" class=\"alignnone wp-image-1219267 size-large\" src=\"https:\/\/www.acapulco.press\/wp-content\/uploads\/2021\/01\/Aguirre-protesta-2-840x561.jpg\" alt=\"\" width=\"840\" height=\"561\" \/><\/p>\n","protected":false},"excerpt":{"rendered":"<p>ACAPULCO. | 19 de enero de 2021. ] Prensa #VAA. V\u00edctor Aguirre Alcaide asisti\u00f3 a la toma de protesta de representantes de estructuras territoriales sociales y digital junto al coordinador de unidad del PRD, Evodio Vel\u00e1zquez Aguirre en Acapulco. Esta formaci\u00f3n de estructura, es para sentar las bases en la era digital y a trav\u00e9s&#8230;<\/p>\n","protected":false},"author":2,"featured_media":1219274,"comment_status":"closed","ping_status":"closed","sticky":false,"template":"","format":"standard","meta":{"footnotes":""},"categories":[2024,18561],"tags":[4913,8273,9177,14277,14804,17843,18096],"class_list":["post-1219266","post","type-post","status-publish","format-standard","has-post-thumbnail","hentry","category-politica-activism","category-society-politics","tag-bulmaro-cabrera","tag-evodio-velazquez-aguirre","tag-gereli-astudillo-ibarrondo","tag-partido-de-la-revolucion-democratica-prd","tag-prd","tag-victor-aguirre-alcaide","tag-wulfrano-salgado-romero"],"_links":{"self":[{"href":"https:\/\/www.acapulcopress.com\/index.php\/wp-json\/wp\/v2\/posts\/1219266","targetHints":{"allow":["GET"]}}],"collection":[{"href":"https:\/\/www.acapulcopress.com\/index.php\/wp-json\/wp\/v2\/posts"}],"about":[{"href":"https:\/\/www.acapulcopress.com\/index.php\/wp-json\/wp\/v2\/types\/post"}],"author":[{"embeddable":true,"href":"https:\/\/www.acapulcopress.com\/index.php\/wp-json\/wp\/v2\/users\/2"}],"replies":[{"embeddable":true,"href":"https:\/\/www.acapulcopress.com\/index.php\/wp-json\/wp\/v2\/comments?post=1219266"}],"version-history":[{"count":0,"href":"https:\/\/www.acapulcopress.com\/index.php\/wp-json\/wp\/v2\/posts\/1219266\/revisions"}],"wp:featuredmedia":[{"embeddable":true,"href":"https:\/\/www.acapulcopress.com\/index.php\/wp-json\/"}],"wp:attachment":[{"href":"https:\/\/www.acapulcopress.com\/index.php\/wp-json\/wp\/v2\/media?parent=1219266"}],"wp:term":[{"taxonomy":"category","embeddable":true,"href":"https:\/\/www.acapulcopress.com\/index.php\/wp-json\/wp\/v2\/categories?post=1219266"},{"taxonomy":"post_tag","embeddable":true,"href":"https:\/\/www.acapulcopress.com\/index.php\/wp-json\/wp\/v2\/tags?post=1219266"}],"curies":[{"name":"wp","href":"https:\/\/api.w.org\/{rel}","templated":true}]}}