{"id":1219295,"date":"2021-01-19T10:57:02","date_gmt":"2021-01-19T16:57:02","guid":{"rendered":"https:\/\/www.acapulcopress.com\/?p=1219295"},"modified":"2021-01-19T10:57:02","modified_gmt":"2021-01-19T16:57:02","slug":"reconstruye-uagro-barda-perimetral-de-facultad-de-ciencias-agropecuarias-y-ambientales","status":"publish","type":"post","link":"https:\/\/www.acapulcopress.com\/index.php\/2021\/01\/19\/reconstruye-uagro-barda-perimetral-de-facultad-de-ciencias-agropecuarias-y-ambientales\/","title":{"rendered":"Reconstruye UAGro barda perimetral de Facultad de Ciencias Agropecuarias y Ambientales"},"content":{"rendered":"<p style=\"text-align: justify;\">CHILPANCINGO. | 19 de enero de 2021.<br \/>\n<em>] UAGro.<\/em><\/p>\n<p style=\"text-align: justify;\"><img loading=\"lazy\" decoding=\"async\" class=\"alignleft size-medium wp-image-1219282\" src=\"https:\/\/www.acapulco.press\/wp-content\/uploads\/2021\/01\/uagro-barda-2-375x375.jpg\" alt=\"\" width=\"375\" height=\"375\" \/>Para seguir brindando mejores condiciones a los estudiantes, docentes y trabajadores de la Facultad de Ciencias Agropecuarias y Ambientales, hoy se dio inicio a la reconstrucci\u00f3n de la barda perimetral, as\u00ed tambi\u00e9n como a la reparaci\u00f3n y acondicionamiento del edificio \u00abF\u00bb.<\/p>\n<p>Gracias a estas acciones en conjunto con el Coordinador de la Zona Norte, Alejandro Bueno Acu\u00f1a, seguiremos impulsando las unidades acad\u00e9micas de la #UAGro en esta zona, inform\u00f3 el Rector Javier Salda\u00f1a Almaz\u00e1n.<\/p>\n<p><img loading=\"lazy\" decoding=\"async\" class=\"alignnone wp-image-1219284 size-large\" src=\"https:\/\/www.acapulco.press\/wp-content\/uploads\/2021\/01\/uagro-barda3-840x449.jpg\" alt=\"\" width=\"840\" height=\"449\" \/><\/p>\n","protected":false},"excerpt":{"rendered":"<p>CHILPANCINGO. | 19 de enero de 2021. ] UAGro. Para seguir brindando mejores condiciones a los estudiantes, docentes y trabajadores de la Facultad de Ciencias Agropecuarias y Ambientales, hoy se dio inicio a la reconstrucci\u00f3n de la barda perimetral, as\u00ed tambi\u00e9n como a la reparaci\u00f3n y acondicionamiento del edificio \u00abF\u00bb. Gracias a estas acciones en&#8230;<\/p>\n","protected":false},"author":2,"featured_media":1219283,"comment_status":"closed","ping_status":"closed","sticky":false,"template":"","format":"standard","meta":{"footnotes":""},"categories":[18561,2016],"tags":[8325,10644,17463],"class_list":["post-1219295","post","type-post","status-publish","format-standard","has-post-thumbnail","hentry","category-society-politics","category-uagro-society-politics","tag-facultad-de-ciencias-agropecuarias-y-ambientales","tag-javier-saldana-almazan","tag-uagro"],"_links":{"self":[{"href":"https:\/\/www.acapulcopress.com\/index.php\/wp-json\/wp\/v2\/posts\/1219295","targetHints":{"allow":["GET"]}}],"collection":[{"href":"https:\/\/www.acapulcopress.com\/index.php\/wp-json\/wp\/v2\/posts"}],"about":[{"href":"https:\/\/www.acapulcopress.com\/index.php\/wp-json\/wp\/v2\/types\/post"}],"author":[{"embeddable":true,"href":"https:\/\/www.acapulcopress.com\/index.php\/wp-json\/wp\/v2\/users\/2"}],"replies":[{"embeddable":true,"href":"https:\/\/www.acapulcopress.com\/index.php\/wp-json\/wp\/v2\/comments?post=1219295"}],"version-history":[{"count":0,"href":"https:\/\/www.acapulcopress.com\/index.php\/wp-json\/wp\/v2\/posts\/1219295\/revisions"}],"wp:featuredmedia":[{"embeddable":true,"href":"https:\/\/www.acapulcopress.com\/index.php\/wp-json\/"}],"wp:attachment":[{"href":"https:\/\/www.acapulcopress.com\/index.php\/wp-json\/wp\/v2\/media?parent=1219295"}],"wp:term":[{"taxonomy":"category","embeddable":true,"href":"https:\/\/www.acapulcopress.com\/index.php\/wp-json\/wp\/v2\/categories?post=1219295"},{"taxonomy":"post_tag","embeddable":true,"href":"https:\/\/www.acapulcopress.com\/index.php\/wp-json\/wp\/v2\/tags?post=1219295"}],"curies":[{"name":"wp","href":"https:\/\/api.w.org\/{rel}","templated":true}]}}