{"id":1219300,"date":"2021-01-19T19:38:37","date_gmt":"2021-01-20T01:38:37","guid":{"rendered":"https:\/\/www.acapulcopress.com\/?p=1219300"},"modified":"2021-01-19T19:38:37","modified_gmt":"2021-01-20T01:38:37","slug":"policia-ministerial-detiene-en-flagrante-delito-contra-la-salud-a-individuo-en-tierra-colorada","status":"publish","type":"post","link":"https:\/\/www.acapulcopress.com\/index.php\/2021\/01\/19\/policia-ministerial-detiene-en-flagrante-delito-contra-la-salud-a-individuo-en-tierra-colorada\/","title":{"rendered":"Polic\u00eda Ministerial detiene en flagrante delito contra la salud a individuo en Tierra Colorada"},"content":{"rendered":"<p>CHILPANCINGO. | 19 de enero de 2021.<br \/>\n<em>]<a href=\"https:\/\/fiscaliaguerrero.gob.mx\" target=\"_blank\" rel=\"noopener\"> https:\/\/fiscaliaguerrero.gob.mx<\/a>.<\/em><\/p>\n<p style=\"text-align: justify;\">Fiscal\u00eda de Guerrero a trav\u00e9s de la Polic\u00eda Investigadora Ministerial adscrita a la Fiscal\u00eda Especializada en Narcomenudeo, detuvo en flagrante delito contra la salud a quien dijo llamarse Eliel \u00abN\u00bb, sobre la autopista M\u00e9xico-Acapulco en el entronque al poblado de Tierra Colorada, municipio de Juan R. Escudero, a quien se le asegur\u00f3 un costal y en su interior hierba seca con caracter\u00edsticas propias de la marihuana (aproximadamente 3 kilos), le fue asegurada una motocicleta marca Honda, modelo 2015, color blanca, quedando a disposici\u00f3n de la autoridad correspondiente.<\/p>\n","protected":false},"excerpt":{"rendered":"<p>CHILPANCINGO. | 19 de enero de 2021. ] https:\/\/fiscaliaguerrero.gob.mx. Fiscal\u00eda de Guerrero a trav\u00e9s de la Polic\u00eda Investigadora Ministerial adscrita a la Fiscal\u00eda Especializada en Narcomenudeo, detuvo en flagrante delito contra la salud a quien dijo llamarse Eliel \u00abN\u00bb, sobre la autopista M\u00e9xico-Acapulco en el entronque al poblado de Tierra Colorada, municipio de Juan R&#8230;.<\/p>\n","protected":false},"author":2,"featured_media":1219301,"comment_status":"closed","ping_status":"closed","sticky":false,"template":"","format":"standard","meta":{"footnotes":""},"categories":[18561,2005],"tags":[8682,10946,14737],"class_list":["post-1219300","post","type-post","status-publish","format-standard","has-post-thumbnail","hentry","category-society-politics","category-seguridad-y-justicia","tag-fiscalia-general-de-guerrero-fge","tag-jorge-zuriel-de-los-santos-barrila","tag-policia-ministerial-de-guerrero"],"_links":{"self":[{"href":"https:\/\/www.acapulcopress.com\/index.php\/wp-json\/wp\/v2\/posts\/1219300","targetHints":{"allow":["GET"]}}],"collection":[{"href":"https:\/\/www.acapulcopress.com\/index.php\/wp-json\/wp\/v2\/posts"}],"about":[{"href":"https:\/\/www.acapulcopress.com\/index.php\/wp-json\/wp\/v2\/types\/post"}],"author":[{"embeddable":true,"href":"https:\/\/www.acapulcopress.com\/index.php\/wp-json\/wp\/v2\/users\/2"}],"replies":[{"embeddable":true,"href":"https:\/\/www.acapulcopress.com\/index.php\/wp-json\/wp\/v2\/comments?post=1219300"}],"version-history":[{"count":0,"href":"https:\/\/www.acapulcopress.com\/index.php\/wp-json\/wp\/v2\/posts\/1219300\/revisions"}],"wp:featuredmedia":[{"embeddable":true,"href":"https:\/\/www.acapulcopress.com\/index.php\/wp-json\/"}],"wp:attachment":[{"href":"https:\/\/www.acapulcopress.com\/index.php\/wp-json\/wp\/v2\/media?parent=1219300"}],"wp:term":[{"taxonomy":"category","embeddable":true,"href":"https:\/\/www.acapulcopress.com\/index.php\/wp-json\/wp\/v2\/categories?post=1219300"},{"taxonomy":"post_tag","embeddable":true,"href":"https:\/\/www.acapulcopress.com\/index.php\/wp-json\/wp\/v2\/tags?post=1219300"}],"curies":[{"name":"wp","href":"https:\/\/api.w.org\/{rel}","templated":true}]}}