{"id":1219306,"date":"2021-01-19T20:15:15","date_gmt":"2021-01-20T02:15:15","guid":{"rendered":"https:\/\/www.acapulcopress.com\/?p=1219306"},"modified":"2021-01-19T20:15:15","modified_gmt":"2021-01-20T02:15:15","slug":"respalda-mario-medicion-por-encuestas-para-definir-candidato-de-coalicion-pri-prd","status":"publish","type":"post","link":"https:\/\/www.acapulcopress.com\/index.php\/2021\/01\/19\/respalda-mario-medicion-por-encuestas-para-definir-candidato-de-coalicion-pri-prd\/","title":{"rendered":"Respalda Mario medici\u00f3n por encuestas para definir candidato de coalici\u00f3n PRI\/PRD"},"content":{"rendered":"<p style=\"text-align: justify;\">CHILPANCINGO. | 19 de enero de 2021.<br \/>\n<em>] Prensa PRIGro.<\/em><\/p>\n<p style=\"text-align: justify;\">Mario Moreno Arcos respald\u00f3 el trabajo de medici\u00f3n, mediante tres encuestas, que realizar\u00e1n las dirigencias de su partido, el Revolucionario Institucional y del PRD para definir al candidato com\u00fan que participar\u00e1 en los comicios del 6 de junio.<\/p>\n<p>Asimismo, expres\u00f3 su respeto a los acuerdos internos de Esteban Albarr\u00e1n Mendoza y Alberto Catal\u00e1n Bastida, dirigentes de ambos partidos, con los que se privilegia la unidad y el fortalecimiento de la alianza electoral.<\/p>\n<p>Confi\u00f3 en que el resultado de las encuestas ser\u00e1 la \u00fanica metodolog\u00eda que se emplear\u00e1 para elegir al abanderado de la candidatura com\u00fan entre el PRI y PRD. \u201cEstoy convencido de que ser\u00e1 un proceso transparente y objetivo que dar\u00e1 confianza a los guerrerenses\u201d.<\/p>\n<p>Asegur\u00f3, que no habr\u00e1 imposiciones ni acuerdos pol\u00edticos al margen de las dirigencias de ambos partidos, pues el objetivo es cuidar la unidad y que los guerrerenses se sumen al proyecto que dar\u00e1 seguimiento a las pol\u00edticas de gobierno del gobernador H\u00e9ctor Astudillo Flores, a quien reconoci\u00f3 como ejemplo del trabajo y esfuerzo diario y cuyos resultados son palpables, sobre todo en la disminuci\u00f3n de la incidencia delictiva.<\/p>\n<p>Moreno Arcos, quien el 12 de enero fue elegido como precandidato del PRI a la gubernatura por la Comisi\u00f3n Estatal de Procesos Internos, resalt\u00f3 tambi\u00e9n las coincidencias con el partido del Sol Azteca.<\/p>\n<p>Coment\u00f3 que ambos institutos pol\u00edticos buscan generar proyectos viables de inversi\u00f3n que ayuden a los guerrerenses a recuperar su econom\u00eda, tras los efectos negativos que ha causado la pandemia del Covid-19 en la entidad.<\/p>\n<p>\u201cEs preocupante el cierre de negocios, las restricciones de aforo en playas, hoteles, restaurantes, transporte p\u00fablico, en fin, una serie de afectaciones que debemos revisar con detenimiento para buscarles soluci\u00f3n de manera conjunta\u201d, coment\u00f3.<\/p>\n<p>Pero tambi\u00e9n a generar fuentes de empleo y desarrollo comunitario, as\u00ed como una sociedad m\u00e1s justa e igualitaria. \u201cEstoy seguro que con voluntad, entrega diaria y mucho trabajo habremos de lograrlo\u201d.<\/p>\n","protected":false},"excerpt":{"rendered":"<p>CHILPANCINGO. | 19 de enero de 2021. ] Prensa PRIGro. Mario Moreno Arcos respald\u00f3 el trabajo de medici\u00f3n, mediante tres encuestas, que realizar\u00e1n las dirigencias de su partido, el Revolucionario Institucional y del PRD para definir al candidato com\u00fan que participar\u00e1 en los comicios del 6 de junio. Asimismo, expres\u00f3 su respeto a los acuerdos&#8230;<\/p>\n","protected":false},"author":2,"featured_media":1219307,"comment_status":"closed","ping_status":"closed","sticky":false,"template":"","format":"standard","meta":{"footnotes":""},"categories":[2024,18561],"tags":[3461,5942,8170,9542,12685,14804,14914],"class_list":["post-1219306","post","type-post","status-publish","format-standard","has-post-thumbnail","hentry","category-politica-activism","category-society-politics","tag-alberto-catalan-bastida","tag-coalicion-pri-prd-guerrero","tag-esteban-albarran-mendoza","tag-gubernatura-de-guerrero","tag-mario-moreno-arcos","tag-prd","tag-pri"],"_links":{"self":[{"href":"https:\/\/www.acapulcopress.com\/index.php\/wp-json\/wp\/v2\/posts\/1219306","targetHints":{"allow":["GET"]}}],"collection":[{"href":"https:\/\/www.acapulcopress.com\/index.php\/wp-json\/wp\/v2\/posts"}],"about":[{"href":"https:\/\/www.acapulcopress.com\/index.php\/wp-json\/wp\/v2\/types\/post"}],"author":[{"embeddable":true,"href":"https:\/\/www.acapulcopress.com\/index.php\/wp-json\/wp\/v2\/users\/2"}],"replies":[{"embeddable":true,"href":"https:\/\/www.acapulcopress.com\/index.php\/wp-json\/wp\/v2\/comments?post=1219306"}],"version-history":[{"count":0,"href":"https:\/\/www.acapulcopress.com\/index.php\/wp-json\/wp\/v2\/posts\/1219306\/revisions"}],"wp:featuredmedia":[{"embeddable":true,"href":"https:\/\/www.acapulcopress.com\/index.php\/wp-json\/"}],"wp:attachment":[{"href":"https:\/\/www.acapulcopress.com\/index.php\/wp-json\/wp\/v2\/media?parent=1219306"}],"wp:term":[{"taxonomy":"category","embeddable":true,"href":"https:\/\/www.acapulcopress.com\/index.php\/wp-json\/wp\/v2\/categories?post=1219306"},{"taxonomy":"post_tag","embeddable":true,"href":"https:\/\/www.acapulcopress.com\/index.php\/wp-json\/wp\/v2\/tags?post=1219306"}],"curies":[{"name":"wp","href":"https:\/\/api.w.org\/{rel}","templated":true}]}}