{"id":1219325,"date":"2021-01-19T10:38:16","date_gmt":"2021-01-19T16:38:16","guid":{"rendered":"https:\/\/www.acapulcopress.com\/?p=1219325"},"modified":"2021-01-19T10:38:16","modified_gmt":"2021-01-19T16:38:16","slug":"julieta-fernandez-hace-publica-su-aspiracion-por-la-presidencia-de-acapulco","status":"publish","type":"post","link":"https:\/\/www.acapulcopress.com\/index.php\/2021\/01\/19\/julieta-fernandez-hace-publica-su-aspiracion-por-la-presidencia-de-acapulco\/","title":{"rendered":"Julieta Fern\u00e1ndez hace p\u00fablica su aspiraci\u00f3n por la Presidencia de Acapulco"},"content":{"rendered":"<p style=\"text-align: justify;\"><strong>\u00bb \u00c1ngel Blanco.<\/strong><br \/>\nACAPULCO. | 19 de enero de 2021.<br \/>\n<em>] Acapulco Press.<\/em><\/p>\n<p style=\"text-align: justify;\">Julieta Fern\u00e1ndez M\u00e1rquez, ex diputada local y federal, adem\u00e1s de dos veces ex <em>primera dama<\/em> de Acapulco, hizo p\u00fablica hoy su aspiraci\u00f3n para contender por la alcald\u00eda de Acapulco el pr\u00f3ximo 6 de junio.<\/p>\n<p style=\"text-align: justify;\">\u00abSoy una mujer que ha recorrido y sigue recorriendo Acapulco, tengo mucho amor y pasi\u00f3n por esta ciudad, adem\u00e1s se como hacer bien las cosas y estoy muy comprometida con la ciudadan\u00eda\u00bb, dijo la ex presidenta del DIF Acapulco durante los per\u00edodos 1997-1999 y 2008-2012, bajo los mandatos de su esposo Manuel A\u00f1orve Ba\u00f1os, actual Senador de la Rep\u00fablica por Guerrero.<\/p>\n<p style=\"text-align: justify;\">Fern\u00e1ndez M\u00e1rquez subray\u00f3 que solo esperar\u00e1 los tiempos que establezca su partido, el PRI, para hacer oficial su aspiraci\u00f3n como candidata a la Presidencia de Acapulco, pues\u00a0 \u00abes tiempo que las mujeres marquen diferencia en el PRI\u00bb.<\/p>\n<p><strong>TRAYECTORIA Y EXPERIENCIA<\/strong><\/p>\n<p style=\"text-align: justify;\">Julieta Fern\u00e1ndez M\u00e1rquez es\u00a0 Licenciada en Sociolog\u00eda Urbana por la Universidad Aut\u00f3noma Metropolitana (UAM), Campus Azcapotzalco (1986-1991), lapso en que obtuvo una medalla al M\u00e9rito Universitario de manos del <img loading=\"lazy\" decoding=\"async\" class=\"alignleft size-medium wp-image-1219330\" src=\"https:\/\/www.acapulco.press\/wp-content\/uploads\/2021\/01\/JULIETA-ANORVE-375x375.png\" alt=\"\" width=\"375\" height=\"375\" \/>expresidente de la Rep\u00fablica, Ernesto Zedillo Ponce De Le\u00f3n.<\/p>\n<p style=\"text-align: justify;\">Cuenta con un\u00a0 \u00abDiplomado en Pol\u00edtica Comparada\u00bb, organizado por la Fundaci\u00f3n Colosio en 1993.<\/p>\n<p style=\"text-align: justify;\">Ha sido ayudante de investigaci\u00f3n educativa en la UAM Azcapozalco (1990-1991), Coordinadora Estatal de Investigaci\u00f3n Educativa en el Colegio de Bachilleres del Estado de Guerrero (1991-1998), Docente en Sociolog\u00eda en la Universidad Aut\u00f3noma de Guerrero (996-1998) y Docente en Sociolog\u00eda en la Preparatoria de la Universidad Americana de Acapulco (1993-1996).<\/p>\n<p style=\"text-align: justify;\">Desde 1998 es Presidenta Fundadora Honoraria de la \u00abFundaci\u00f3n El \u00c1ngel de la Guarda, AC\u00bb y tambi\u00e9n, de 2010 a la fecha, Presidenta de la Red \u00abManos que Cuidan Guerrero\u00bb.<\/p>\n<p style=\"text-align: justify;\">Fue Coordinadora Estatal de Redes Ciudadanas en el Estado de Guerrero de la campa\u00f1a de Enrique Pe\u00f1a Nieto (2012), Diputada Local de la LX Legislatura (2012-2015) y \u00a0Diputada Federal de la LXIII Legislatura (2015-2018), donde presidi\u00f3 la Comisi\u00f3n Especial en contra de la Trata de Personas.<br \/>\nwww.<strong>acapulcopress<\/strong>.com<\/p>\n","protected":false},"excerpt":{"rendered":"<p>\u00bb \u00c1ngel Blanco. ACAPULCO. | 19 de enero de 2021. ] Acapulco Press. Julieta Fern\u00e1ndez M\u00e1rquez, ex diputada local y federal, adem\u00e1s de dos veces ex primera dama de Acapulco, hizo p\u00fablica hoy su aspiraci\u00f3n para contender por la alcald\u00eda de Acapulco el pr\u00f3ximo 6 de junio. \u00abSoy una mujer que ha recorrido y sigue&#8230;<\/p>\n","protected":false},"author":2,"featured_media":1219313,"comment_status":"closed","ping_status":"closed","sticky":false,"template":"","format":"standard","meta":{"footnotes":""},"categories":[2024,1972,18561,18577],"tags":[6011,7662,7991,8069,11314,12355,14895,14914,17607,17609,17613],"class_list":["post-1219325","post","type-post","status-publish","format-standard","has-post-thumbnail","hentry","category-politica-activism","category-special","category-society-politics","category-politica-la-foto","tag-colegio-de-bachilleres-del-estado-de-guerrero","tag-el-angel-de-la-guarda","tag-enrique-pena-nieto","tag-ernesto-zedillo-ponce-de-leon","tag-julieta-fernandez-marquez","tag-manos-que-cuidan-guerrero","tag-presidencia-de-acapulco","tag-pri","tag-universidad-americana-de-acapulco","tag-universidad-autonoma-de-guerrero","tag-universidad-autonoma-metropolitana-uam"],"_links":{"self":[{"href":"https:\/\/www.acapulcopress.com\/index.php\/wp-json\/wp\/v2\/posts\/1219325","targetHints":{"allow":["GET"]}}],"collection":[{"href":"https:\/\/www.acapulcopress.com\/index.php\/wp-json\/wp\/v2\/posts"}],"about":[{"href":"https:\/\/www.acapulcopress.com\/index.php\/wp-json\/wp\/v2\/types\/post"}],"author":[{"embeddable":true,"href":"https:\/\/www.acapulcopress.com\/index.php\/wp-json\/wp\/v2\/users\/2"}],"replies":[{"embeddable":true,"href":"https:\/\/www.acapulcopress.com\/index.php\/wp-json\/wp\/v2\/comments?post=1219325"}],"version-history":[{"count":0,"href":"https:\/\/www.acapulcopress.com\/index.php\/wp-json\/wp\/v2\/posts\/1219325\/revisions"}],"wp:featuredmedia":[{"embeddable":true,"href":"https:\/\/www.acapulcopress.com\/index.php\/wp-json\/"}],"wp:attachment":[{"href":"https:\/\/www.acapulcopress.com\/index.php\/wp-json\/wp\/v2\/media?parent=1219325"}],"wp:term":[{"taxonomy":"category","embeddable":true,"href":"https:\/\/www.acapulcopress.com\/index.php\/wp-json\/wp\/v2\/categories?post=1219325"},{"taxonomy":"post_tag","embeddable":true,"href":"https:\/\/www.acapulcopress.com\/index.php\/wp-json\/wp\/v2\/tags?post=1219325"}],"curies":[{"name":"wp","href":"https:\/\/api.w.org\/{rel}","templated":true}]}}