{"id":1219335,"date":"2021-01-19T21:41:47","date_gmt":"2021-01-20T03:41:47","guid":{"rendered":"https:\/\/www.acapulcopress.com\/?p=1219335"},"modified":"2021-01-19T21:41:47","modified_gmt":"2021-01-20T03:41:47","slug":"credenciales-2019-y-2020-seran-validas-para-votar-el-proximo-6-de-junio-ine","status":"publish","type":"post","link":"https:\/\/www.acapulcopress.com\/index.php\/2021\/01\/19\/credenciales-2019-y-2020-seran-validas-para-votar-el-proximo-6-de-junio-ine\/","title":{"rendered":"Credenciales 2019 y 2020 ser\u00e1n v\u00e1lidas para votar el pr\u00f3ximo 6 de junio | INE"},"content":{"rendered":"<p style=\"text-align: justify;\">CIUDAD DE M\u00c9XICO. * 19 de enero de 2021.<br \/>\n<em>] INE.<\/em><\/p>\n<p style=\"text-align: justify;\">El Instituto Nacional Electoral (INE) informa que las Credenciales para Votar con Fotograf\u00eda cuya vigencia venci\u00f3 en 2019 o 2020 a\u00fan son v\u00e1lidas como mecanismo de identificaci\u00f3n y podr\u00e1n ser utilizadas para votar en las pr\u00f3ximas elecciones, por lo que no es necesario que las y los ciudadanos con estas micas acudan a los M\u00f3dulos de Atenci\u00f3n Ciudadana.<\/p>\n<p style=\"text-align: justify;\">Por lo tanto, quienes cuenten con su credencial 2019-2020 pueden acercarse a los M\u00f3dulos del INE para renovarla una vez concluida la Jornada Electoral del 6 de junio pr\u00f3ximo.<\/p>\n<p style=\"text-align: justify;\">Durante los pr\u00f3ximos d\u00edas, el INE concentrar\u00e1 sus esfuerzos en atender a todas aquellas personas que deben realizar un cambio de domicilio o inscribirse por primera vez al Padr\u00f3n Electoral, es decir, las y los j\u00f3venes que tienen 18 a\u00f1os y no se han inscrito o que cumplen la mayor\u00eda de edad a m\u00e1s tardar el 6 de junio de 2021, para que puedan votar en las pr\u00f3ximas elecciones. La fecha l\u00edmite es el 10 de febrero pr\u00f3ximo.<\/p>\n<p style=\"text-align: justify;\">Para facilitar la inscripci\u00f3n y actualizaci\u00f3n de los datos de la Credencial para Votar, a partir del pr\u00f3ximo 1 de febrero de 2021 el Instituto atender\u00e1 a quienes est\u00e9n en este supuesto con o sin cita.<\/p>\n<p style=\"text-align: justify;\">Para quienes hayan extraviado su credencial o no cuenten con ella por cualquier motivo, pueden asistir a los M\u00f3dulos de Atenci\u00f3n Ciudadana despu\u00e9s del 10 de febrero y hasta el 25 de mayo de 2021 para solicitar una reimpresi\u00f3n de su credencial y poder participar.<\/p>\n<p style=\"text-align: justify;\">Recuerda cumplir con las medidas de sanidad en los M\u00f3dulos<\/p>\n<p style=\"text-align: justify;\">Tanto para el personal que labora en los M\u00f3dulos de Atenci\u00f3n Ciudadana como para quienes acudan a realizar alg\u00fan tr\u00e1mite, ser\u00e1 obligatorio seguir el siguiente protocolo de sanidad:<\/p>\n<p style=\"text-align: justify;\"><strong><em>* Portar el cubrebocas en todo momento.<\/em><\/strong><br \/>\n<strong><em>* Permitir la toma de temperatura y la aplicaci\u00f3n de gel antibacterial al ingresar al M\u00f3dulo.<\/em><\/strong><br \/>\n<strong><em>* Acudir sin compa\u00f1\u00eda, a menos que la persona requiera de asistencia.<\/em><\/strong><\/p>\n<p style=\"text-align: justify;\">Adem\u00e1s, no se les permitir\u00e1 la entrada a los M\u00f3dulos de Atenci\u00f3n Ciudadana a personas que presenten alg\u00fan s\u00edntoma de enfermedad o sin cubrebocas.<\/p>\n","protected":false},"excerpt":{"rendered":"<p>CIUDAD DE M\u00c9XICO. * 19 de enero de 2021. ] INE. El Instituto Nacional Electoral (INE) informa que las Credenciales para Votar con Fotograf\u00eda cuya vigencia venci\u00f3 en 2019 o 2020 a\u00fan son v\u00e1lidas como mecanismo de identificaci\u00f3n y podr\u00e1n ser utilizadas para votar en las pr\u00f3ximas elecciones, por lo que no es necesario que&#8230;<\/p>\n","protected":false},"author":2,"featured_media":1219336,"comment_status":"closed","ping_status":"closed","sticky":false,"template":"","format":"standard","meta":{"footnotes":""},"categories":[1969],"tags":[6733,6734,10337,10953,13245,14161],"class_list":["post-1219335","post","type-post","status-publish","format-standard","has-post-thumbnail","hentry","category-trending","tag-credencial-para-votar","tag-credenciales-para-votar-con-fotografia","tag-instituto-nacional-electoral-ine","tag-jornada-electoral-6-de-junio-2021","tag-modulos-de-atencion-ciudadana-ine","tag-padron-electoral-ine"],"_links":{"self":[{"href":"https:\/\/www.acapulcopress.com\/index.php\/wp-json\/wp\/v2\/posts\/1219335","targetHints":{"allow":["GET"]}}],"collection":[{"href":"https:\/\/www.acapulcopress.com\/index.php\/wp-json\/wp\/v2\/posts"}],"about":[{"href":"https:\/\/www.acapulcopress.com\/index.php\/wp-json\/wp\/v2\/types\/post"}],"author":[{"embeddable":true,"href":"https:\/\/www.acapulcopress.com\/index.php\/wp-json\/wp\/v2\/users\/2"}],"replies":[{"embeddable":true,"href":"https:\/\/www.acapulcopress.com\/index.php\/wp-json\/wp\/v2\/comments?post=1219335"}],"version-history":[{"count":0,"href":"https:\/\/www.acapulcopress.com\/index.php\/wp-json\/wp\/v2\/posts\/1219335\/revisions"}],"wp:featuredmedia":[{"embeddable":true,"href":"https:\/\/www.acapulcopress.com\/index.php\/wp-json\/"}],"wp:attachment":[{"href":"https:\/\/www.acapulcopress.com\/index.php\/wp-json\/wp\/v2\/media?parent=1219335"}],"wp:term":[{"taxonomy":"category","embeddable":true,"href":"https:\/\/www.acapulcopress.com\/index.php\/wp-json\/wp\/v2\/categories?post=1219335"},{"taxonomy":"post_tag","embeddable":true,"href":"https:\/\/www.acapulcopress.com\/index.php\/wp-json\/wp\/v2\/tags?post=1219335"}],"curies":[{"name":"wp","href":"https:\/\/api.w.org\/{rel}","templated":true}]}}