{"id":1219350,"date":"2021-01-19T22:19:26","date_gmt":"2021-01-20T04:19:26","guid":{"rendered":"https:\/\/www.acapulcopress.com\/?p=1219350"},"modified":"2021-01-19T22:19:26","modified_gmt":"2021-01-20T04:19:26","slug":"segun-datos-del-inegi-gobierno-de-lopez-no-representa-a-los-pobres-de-mexico-prd","status":"publish","type":"post","link":"https:\/\/www.acapulcopress.com\/index.php\/2021\/01\/19\/segun-datos-del-inegi-gobierno-de-lopez-no-representa-a-los-pobres-de-mexico-prd\/","title":{"rendered":"Seg\u00fan datos del INEGI, Gobierno de L\u00f3pez no representa a los pobres de M\u00e9xico | PRD"},"content":{"rendered":"<p style=\"text-align: justify;\">ACAPULCO. * 19 de enero de 2021.<br \/>\n<em>] Prensa PRD.<\/em><\/p>\n<p style=\"text-align: justify;\">Si bien el Gobierno Federal presume que su gobierno es del pueblo, para el pueblo y con el pueblo, la desigualdad y la pobreza extrema que se vive en nuestro pa\u00eds es una muestra de que el Presidente de la Rep\u00fablica solo ha privilegiado un doble discurso creando proyectos de fantas\u00eda que nunca han sido de ayuda real para las poblaciones m\u00e1s vulnerables, expres\u00f3 Jes\u00fas Zambrano Grijalva, Presidente Nacional del Partido de la Revoluci\u00f3n Democr\u00e1tica (PRD).<\/p>\n<p style=\"text-align: justify;\">De acuerdo con datos del Instituto Nacional de Estad\u00edstica y Geograf\u00eda (INEGI) y del an\u00e1lisis que la agrupaci\u00f3n S\u00ed por M\u00e9xico realiz\u00f3, en los \u00faltimos seis meses el n\u00famero de personas en pobreza laboral ha crecido en 12.2 millones, equivalente a 50 personas en pobreza por minuto. Ante esto, el l\u00edder perredista reproch\u00f3 que el apoyo solo ha quedado en un mero discurso y no en acciones: \u201ces lamentable que un presidente que dijo que apoyar\u00eda a los grupos m\u00e1s vulnerables atente contra la vida y el bienestar de las y los mexicanos\u201d.<\/p>\n<p style=\"text-align: justify;\">Ante este panorama, Zambrano Grijalva dej\u00f3 claro que el Gobierno Federal act\u00faa de manera err\u00f3nea ante la crisis econ\u00f3mica y de desigualdad que se vive en el pa\u00eds: \u201chace promesas a la ciudadan\u00eda mexicana con cinismo y criminalidad a sabiendas de que sus programas sociales, las ma\u00f1aneras y el plan de vacunaci\u00f3n -con fines electorales- son su m\u00e1xima prioridad, y no combatir con acciones contundentes la crisis econ\u00f3mica que viven miles de familias mexicanas\u201d.<\/p>\n<p style=\"text-align: justify;\">Sin la toma de medidas necesarias por parte del Estado mexicano para hacer frente a la crisis econ\u00f3mica a consecuencia de la pandemia, como el di\u00e1logo con empresarios, apoyos a Mipymes y est\u00edmulos fiscales, millones de mexicanas y mexicanos continuar\u00e1n perdiendo el sustento b\u00e1sico. Puesto que, de acuerdo con el Consejo Nacional de Evaluaci\u00f3n de la Pol\u00edtica de Desarrollo Social (CONEVAL), la mayor\u00eda de las microempresas mexicanas cuentan con solo 1 o 2 empleados, no poseen un respaldo financiero y mucho menos estrategias para enfrentar una crisis.<\/p>\n<p style=\"text-align: justify;\">En este sentido, el l\u00edder perredista reiter\u00f3 que el Presidente de la Rep\u00fablica debe asumir responsabilidades y ofrecer un plan de reactivaci\u00f3n econ\u00f3mica sin clientelismo electoral y con apertura para todos los sectores de la poblaci\u00f3n.<\/p>\n","protected":false},"excerpt":{"rendered":"<p>ACAPULCO. * 19 de enero de 2021. ] Prensa PRD. Si bien el Gobierno Federal presume que su gobierno es del pueblo, para el pueblo y con el pueblo, la desigualdad y la pobreza extrema que se vive en nuestro pa\u00eds es una muestra de que el Presidente de la Rep\u00fablica solo ha privilegiado un&#8230;<\/p>\n","protected":false},"author":2,"featured_media":1218914,"comment_status":"closed","ping_status":"closed","sticky":false,"template":"","format":"standard","meta":{"footnotes":""},"categories":[1969],"tags":[2086,3793,3896,9310,10309,13297,14691],"class_list":["post-1219350","post","type-post","status-publish","format-standard","has-post-thumbnail","hentry","category-trending","tag-cuarta-transformacion-4t","tag-amlo","tag-andres-manuel-lopez-obrador","tag-gobierno-de-mexico","tag-instituto-nacional-de-estadistica-y-geografia-inegi","tag-morena","tag-pobreza-en-mexico"],"_links":{"self":[{"href":"https:\/\/www.acapulcopress.com\/index.php\/wp-json\/wp\/v2\/posts\/1219350","targetHints":{"allow":["GET"]}}],"collection":[{"href":"https:\/\/www.acapulcopress.com\/index.php\/wp-json\/wp\/v2\/posts"}],"about":[{"href":"https:\/\/www.acapulcopress.com\/index.php\/wp-json\/wp\/v2\/types\/post"}],"author":[{"embeddable":true,"href":"https:\/\/www.acapulcopress.com\/index.php\/wp-json\/wp\/v2\/users\/2"}],"replies":[{"embeddable":true,"href":"https:\/\/www.acapulcopress.com\/index.php\/wp-json\/wp\/v2\/comments?post=1219350"}],"version-history":[{"count":0,"href":"https:\/\/www.acapulcopress.com\/index.php\/wp-json\/wp\/v2\/posts\/1219350\/revisions"}],"wp:featuredmedia":[{"embeddable":true,"href":"https:\/\/www.acapulcopress.com\/index.php\/wp-json\/"}],"wp:attachment":[{"href":"https:\/\/www.acapulcopress.com\/index.php\/wp-json\/wp\/v2\/media?parent=1219350"}],"wp:term":[{"taxonomy":"category","embeddable":true,"href":"https:\/\/www.acapulcopress.com\/index.php\/wp-json\/wp\/v2\/categories?post=1219350"},{"taxonomy":"post_tag","embeddable":true,"href":"https:\/\/www.acapulcopress.com\/index.php\/wp-json\/wp\/v2\/tags?post=1219350"}],"curies":[{"name":"wp","href":"https:\/\/api.w.org\/{rel}","templated":true}]}}