{"id":1219360,"date":"2021-01-19T22:42:44","date_gmt":"2021-01-20T04:42:44","guid":{"rendered":"https:\/\/www.acapulcopress.com\/?p=1219360"},"modified":"2021-01-19T22:42:44","modified_gmt":"2021-01-20T04:42:44","slug":"pan-demanda-transparentar-compra-de-vacunas","status":"publish","type":"post","link":"https:\/\/www.acapulcopress.com\/index.php\/2021\/01\/19\/pan-demanda-transparentar-compra-de-vacunas\/","title":{"rendered":"PAN pide transparentar compra de vacunas"},"content":{"rendered":"<p style=\"text-align: justify;\"><strong><em>* Hay un abuso discrecional, porque se hace campa\u00f1a pol\u00edtica con las vacunas y prefieren vacunar a los \u201ccuervos de la naci\u00f3n\u201d que al personal m\u00e9dico: Marko Cort\u00e9s.<\/em><\/strong><br \/>\n<em>* El Presidente quiere construir el triunfo electoral de Morena sobre una tragedia humana. Al frente de la campa\u00f1a de vacunaci\u00f3n puso a su operador pol\u00edtico y territorial en lugar del Sistema Nacional de Vacunaci\u00f3n.<\/em><br \/>\n<strong><em>* Acci\u00f3n Nacional volver\u00e1 a denunciar al gobierno morenista por negligencia criminal ante la Fiscal\u00eda General de la Rep\u00fablica, Organizaci\u00f3n Mundial de la Salud y la Comisi\u00f3n Interamericana de Derechos Humanos.<\/em><\/strong><\/p>\n<p>CIUDAD DE M\u00c9XICO. * 19 de enero de 2021.<br \/>\n<em>] Prensa PAN.<\/em><\/p>\n<p style=\"text-align: justify;\">El gobierno federal hace campa\u00f1a pol\u00edtica con las vacunas y por eso debe trasparentar los contratos de compra, como lo hizo con el caso del general Cienfuegos, ya que ha sido incompetente y opaco en el proceso de vacunaci\u00f3n, demand\u00f3 el Presidente de Acci\u00f3n Nacional Marko Cort\u00e9s Mendoza.<\/p>\n<p style=\"text-align: justify;\">En rueda de prensa virtual, afirm\u00f3 que la vacunaci\u00f3n en M\u00e9xico va demasiado lenta y ha sido un verdadero caos, pues apenas se ha podido vacunar al 0.3 por ciento de los 120 millones de mexicanas y mexicanos.<\/p>\n<p style=\"text-align: justify;\">\u201cAdem\u00e1s, hay un abuso discrecional total, porque prefieren vacunar a los mal llamados Siervos de la Naci\u00f3n que m\u00e1s bien parecen \u201ccuervos de la naci\u00f3n\u201d que, a los m\u00e9dicos, enfermeras, camilleros, personal de limpieza, de servicios funerarios, socorristas y dem\u00e1s personal de salud que est\u00e1 en la primera l\u00ednea de la pandemia. Est\u00e1 claro que el gobierno morenista no sabe, es incompetente y, adem\u00e1s, completamente opaco\u201d, explic\u00f3.<\/p>\n<p style=\"text-align: justify;\">Acompa\u00f1ado por el vicecoordinador en el Senado, Erandi Berm\u00fadez; el diputado \u00c9ctor Jaime Ram\u00edrez Barba; y el presidente de la ANAC, Enrique Vargas del Villar, el dirigente nacional afirm\u00f3 que el Presidente L\u00f3pez Obrador y su vocero L\u00f3pez Gatell han actuado con irresponsabilidad para atender la pandemia que lleva m\u00e1s de 141 mil muertos, por lo cual son responsables moral y pol\u00edticamente de esta tragedia humanitaria.<\/p>\n<p style=\"text-align: justify;\">Indic\u00f3 que su decisi\u00f3n de hacer campa\u00f1a pol\u00edtica de la vacunaci\u00f3n, \u201csu bloqueo para que puedan adquirirse vacunas en estados, municipios y la propia iniciativa privada, est\u00e1n retrasando el proceso de vacunaci\u00f3n y provocando m\u00e1s muertes que pudieron evitarse\u201d.<\/p>\n<p style=\"text-align: justify;\">Cort\u00e9s Mendoza dijo que el gobierno federal puso al frente de esta tragedia humana a los cuervos de la naci\u00f3n con el objetivo de hacer una elecci\u00f3n de Estado, porque buscan hacer creer a los mexicanos que la entrega de dinero y vacunas es del Presidente.<\/p>\n<p style=\"text-align: justify;\">\u201cHoy, el Presidente quiere construir su triunfo electoral de Morena sobre una tragedia humana. Al frente de la campa\u00f1a de vacunaci\u00f3n puso al operador pol\u00edtico y territorial del gobierno y Moena, Gabriel Garc\u00eda Hern\u00e1ndez, el Jefe de los s\u00faper delegados y a su vez, jefe de los cuervos de la naci\u00f3n, en vez de que fuera el Sistema Nacional de Vacunaci\u00f3n\u201d, apunt\u00f3.<\/p>\n<p style=\"text-align: justify;\">El m\u00e1s responsable de este desastre, asegur\u00f3, es el Presidente L\u00f3pez Obrador, porque pudo rectificar y no lo hizo. \u201cPor eso, con una nueva mayor\u00eda en la C\u00e1mara de Diputados, los L\u00f3pez y todo el gobierno morenista, tendr\u00e1n que rendir cuenta ante el pueblo de M\u00e9xico por todo este desastre del manejo de la pandemia\u201d.<\/p>\n<p style=\"text-align: justify;\">Por este proceso desaseado de vacunaci\u00f3n, concluy\u00f3, Acci\u00f3n Nacional volver\u00e1 a denunciar al gobierno morenista por negligencia criminal ante la Fiscal\u00eda General de la Rep\u00fablica, Organizaci\u00f3n Mundial de la Salud y la Comisi\u00f3n Interamericana de Derechos Humanos.<\/p>\n<p style=\"text-align: justify;\">Por su parte, el Presidente de la ANAC, expres\u00f3 que Morena \u201cle est\u00e1 mintiendo al pueblo de M\u00e9xico\u201d sobre la compra de suficientes vacunas. En cambio, asegur\u00f3, los gobiernos municipales del PAN tienen listos entre 150 y 200 millones de pesos para la compra consolidada de vacunas, pero el gobierno federal les niega ese derecho.<\/p>\n<p style=\"text-align: justify;\">El vice coordinador en el Senado afirm\u00f3 a su vez que el gobierno federal hace un manejo faccioso e inhumano de la vacuna.<\/p>\n<p style=\"text-align: justify;\">En tanto, el diputado \u00c9ctor Jaime Ram\u00edrez, asever\u00f3 que \u201cestamos frente a la Cuarta devastaci\u00f3n de M\u00e9xico, porque la compra de las vacunas se hizo a destiempo.<\/p>\n","protected":false},"excerpt":{"rendered":"<p>* Hay un abuso discrecional, porque se hace campa\u00f1a pol\u00edtica con las vacunas y prefieren vacunar a los \u201ccuervos de la naci\u00f3n\u201d que al personal m\u00e9dico: Marko Cort\u00e9s. * El Presidente quiere construir el triunfo electoral de Morena sobre una tragedia humana. Al frente de la campa\u00f1a de vacunaci\u00f3n puso a su operador pol\u00edtico y&#8230;<\/p>\n","protected":false},"author":2,"featured_media":1219361,"comment_status":"closed","ping_status":"closed","sticky":false,"template":"","format":"standard","meta":{"footnotes":""},"categories":[1997],"tags":[9310,12720,14269,17739],"class_list":["post-1219360","post","type-post","status-publish","format-standard","has-post-thumbnail","hentry","category-noticias-destacadas","tag-gobierno-de-mexico","tag-marko-cortes-mendoza","tag-partido-accion-nacional-pan","tag-vacuna-pfizer-covid19"],"_links":{"self":[{"href":"https:\/\/www.acapulcopress.com\/index.php\/wp-json\/wp\/v2\/posts\/1219360","targetHints":{"allow":["GET"]}}],"collection":[{"href":"https:\/\/www.acapulcopress.com\/index.php\/wp-json\/wp\/v2\/posts"}],"about":[{"href":"https:\/\/www.acapulcopress.com\/index.php\/wp-json\/wp\/v2\/types\/post"}],"author":[{"embeddable":true,"href":"https:\/\/www.acapulcopress.com\/index.php\/wp-json\/wp\/v2\/users\/2"}],"replies":[{"embeddable":true,"href":"https:\/\/www.acapulcopress.com\/index.php\/wp-json\/wp\/v2\/comments?post=1219360"}],"version-history":[{"count":0,"href":"https:\/\/www.acapulcopress.com\/index.php\/wp-json\/wp\/v2\/posts\/1219360\/revisions"}],"wp:featuredmedia":[{"embeddable":true,"href":"https:\/\/www.acapulcopress.com\/index.php\/wp-json\/"}],"wp:attachment":[{"href":"https:\/\/www.acapulcopress.com\/index.php\/wp-json\/wp\/v2\/media?parent=1219360"}],"wp:term":[{"taxonomy":"category","embeddable":true,"href":"https:\/\/www.acapulcopress.com\/index.php\/wp-json\/wp\/v2\/categories?post=1219360"},{"taxonomy":"post_tag","embeddable":true,"href":"https:\/\/www.acapulcopress.com\/index.php\/wp-json\/wp\/v2\/tags?post=1219360"}],"curies":[{"name":"wp","href":"https:\/\/api.w.org\/{rel}","templated":true}]}}