{"id":1219367,"date":"2021-01-19T23:06:52","date_gmt":"2021-01-20T05:06:52","guid":{"rendered":"https:\/\/www.acapulcopress.com\/?p=1219367"},"modified":"2021-01-19T23:06:52","modified_gmt":"2021-01-20T05:06:52","slug":"en-ecatepec-abandonan-en-la-calle-a-anciano-de-79-anos-con-sintomas-de-covid19","status":"publish","type":"post","link":"https:\/\/www.acapulcopress.com\/index.php\/2021\/01\/19\/en-ecatepec-abandonan-en-la-calle-a-anciano-de-79-anos-con-sintomas-de-covid19\/","title":{"rendered":"En Ecatepec abandonan en la calle a anciano de 79 a\u00f1os con s\u00edntomas de Covid19"},"content":{"rendered":"<p style=\"text-align: justify;\"><strong>\u00bb Rosal\u00eda Vergara.<\/strong><br \/>\nECATEPEC. * 19 de enero de 2021.<br \/>\n<em>] <a href=\"https:\/\/www.proceso.com.mx\/nacional\/estados\/2021\/1\/19\/abandonan-en-ecatepec-un-adulto-mayor-con-sintomas-de-covid-19-256595.html\" target=\"_blank\" rel=\"noopener\">Apro<\/a><\/em>.<br \/>\nEl alcalde de Ecatepec, Estado de M\u00e9xico, Fernando Vilchis, reaccion\u00f3 a la denuncia hecha por redes sociales del abandono de don Felipe, de 79 a\u00f1os, con s\u00edntomas de covid-19, dejado en la calle por sus familiares.<\/p>\n<p style=\"text-align: justify;\">\u201cNo permitir\u00e9 el desamparo y la desatenci\u00f3n hacia la poblaci\u00f3n m\u00e1s vulnerable por #Covid19, por ello los adultos mayores de #Ecatepec cuentan con todo nuestro apoyo para salvaguardar vidas\u201d, escribi\u00f3 el alcalde en sus redes sociales.<\/p>\n<p style=\"text-align: justify;\">Este martes por la ma\u00f1ana, el se\u00f1or estaba sentado en una jardinera del andador de la calle Diego de Huanitzi, junto a la explanada del Palacio Municipal de San Crist\u00f3bal Ecatepec Centro. Dijo que estaba enfermo.<\/p>\n<p style=\"text-align: justify;\">Param\u00e9dicos de Protecci\u00f3n Civil de Ecatepec llegaron al lugar con el equipo especializado en pacientes con covid-19, hasta que lleg\u00f3 la ambulancia y personal del DIF municipal para ayudarlo por ser una persona en situaci\u00f3n vulnerable.<\/p>\n<p style=\"text-align: justify;\">Don Felipe cont\u00f3 que vive en la colonia Vista Hermosa, en las inmediaciones del Palacio Municipal, cuando un m\u00e9dico le hizo estudios y la prueba para saber si estaba infectado con SARS-CoV-2 causante de covid-19.<\/p>\n<p style=\"text-align: justify;\">Fue trasladado al Hospital de Las Am\u00e9ricas para recibir el tratamiento m\u00e9dico por presentar s\u00edntomas atribuibles a covid-19.<\/p>\n<p><code><\/code><\/p>\n<blockquote class=\"twitter-tweet\">\n<p dir=\"ltr\" lang=\"es\"><a href=\"https:\/\/twitter.com\/hashtag\/Triste?src=hash&amp;ref_src=twsrc%5Etfw\">#Triste<\/a> | Hoy le tendimos la mano a don Felipe de 79 a\u00f1os trav\u00e9s del <a href=\"https:\/\/twitter.com\/SMDIFEcatepec?ref_src=twsrc%5Etfw\">@SMDIFEcatepec<\/a> y @DPCyBEcatepec para trasladarlo a un hospital en la ambulancia especializada de apoyo para enfermos de <a href=\"https:\/\/twitter.com\/hashtag\/COVID19?src=hash&amp;ref_src=twsrc%5Etfw\">#COVID19<\/a>. <a href=\"https:\/\/twitter.com\/hashtag\/LoDamosTodoPorTuSalud?src=hash&amp;ref_src=twsrc%5Etfw\">#LoDamosTodoPorTuSalud<\/a>.<a href=\"https:\/\/twitter.com\/SaludEdomex?ref_src=twsrc%5Etfw\">@SaludEdomex<\/a> <a href=\"https:\/\/twitter.com\/SSalud_mx?ref_src=twsrc%5Etfw\">@SSalud_mx<\/a> <a href=\"https:\/\/twitter.com\/SSaludCdMx?ref_src=twsrc%5Etfw\">@SSaludCdMx<\/a> <a href=\"https:\/\/twitter.com\/SaludEcatepec?ref_src=twsrc%5Etfw\">@SaludEcatepec<\/a> <a href=\"https:\/\/t.co\/jR8BVxqjCM\">pic.twitter.com\/jR8BVxqjCM<\/a><\/p>\n<p>\u2014 Fernando Vilchis (@FerVilchisMx) <a href=\"https:\/\/twitter.com\/FerVilchisMx\/status\/1351678463313371139?ref_src=twsrc%5Etfw\">January 19, 2021<\/a><\/p><\/blockquote>\n<p><script async src=\"https:\/\/platform.twitter.com\/widgets.js\" charset=\"utf-8\"><\/script><\/p>\n<p style=\"text-align: justify;\">La v\u00edspera, a trav\u00e9s de redes sociales se difundieron las im\u00e1genes de una se\u00f1ora de la tercera edad abandonada en un lote bald\u00edo, en la s\u00e9ptima secci\u00f3n de la comunidad de Los Reyes, en el municipio de Papalotla, Tlaxcala.<\/p>\n<p style=\"text-align: justify;\">Seg\u00fan las denuncias hechas en estas plataformas, la hija y el hermano la dejaron sentaba sobre una llanta y cuando polic\u00edas municipales la auxiliaron ya presentaba principios de hipotermia, pues la se\u00f1ora solo se cubr\u00eda con una cobija.<\/p>\n<p>Las reacciones de desaprobaci\u00f3n tambi\u00e9n se reflejaron en las redes sociales.<\/p>\n<p><code><\/code><\/p>\n<blockquote class=\"twitter-tweet\">\n<p dir=\"ltr\" lang=\"es\">No tienen mad&#8230; Don Felipe, de 79 a\u00f1os, fue abandonado por sus familiares de la colonia Vista Hermosa, en <a href=\"https:\/\/twitter.com\/hashtag\/Ecatepec?src=hash&amp;ref_src=twsrc%5Etfw\">#Ecatepec<\/a>, tras enterarse que era probable portador del <a href=\"https:\/\/twitter.com\/hashtag\/COVID19?src=hash&amp;ref_src=twsrc%5Etfw\">#COVID19<\/a>. Ante la falta de apoyo, tuvo que caminar hasta San Crist\u00f3bal Centro, donde recibi\u00f3 ayuda de param\u00e9dicos. <a href=\"https:\/\/t.co\/H2Q2T2veWT\">pic.twitter.com\/H2Q2T2veWT<\/a><\/p>\n<p>\u2014 Isaac Ram\u00edrez (@Caasi201) <a href=\"https:\/\/twitter.com\/Caasi201\/status\/1351622807659155458?ref_src=twsrc%5Etfw\">January 19, 2021<\/a><\/p><\/blockquote>\n<p><script async src=\"https:\/\/platform.twitter.com\/widgets.js\" charset=\"utf-8\"><\/script><\/p>\n","protected":false},"excerpt":{"rendered":"<p>\u00bb Rosal\u00eda Vergara. ECATEPEC. * 19 de enero de 2021. ] Apro. El alcalde de Ecatepec, Estado de M\u00e9xico, Fernando Vilchis, reaccion\u00f3 a la denuncia hecha por redes sociales del abandono de don Felipe, de 79 a\u00f1os, con s\u00edntomas de covid-19, dejado en la calle por sus familiares. \u201cNo permitir\u00e9 el desamparo y la desatenci\u00f3n&#8230;<\/p>\n","protected":false},"author":2,"featured_media":1219368,"comment_status":"closed","ping_status":"closed","sticky":false,"template":"","format":"standard","meta":{"footnotes":""},"categories":[1969],"tags":[6705,8543,16069],"class_list":["post-1219367","post","type-post","status-publish","format-standard","has-post-thumbnail","hentry","category-trending","tag-covid19","tag-fernando-vilchis","tag-sars-cov-2"],"_links":{"self":[{"href":"https:\/\/www.acapulcopress.com\/index.php\/wp-json\/wp\/v2\/posts\/1219367","targetHints":{"allow":["GET"]}}],"collection":[{"href":"https:\/\/www.acapulcopress.com\/index.php\/wp-json\/wp\/v2\/posts"}],"about":[{"href":"https:\/\/www.acapulcopress.com\/index.php\/wp-json\/wp\/v2\/types\/post"}],"author":[{"embeddable":true,"href":"https:\/\/www.acapulcopress.com\/index.php\/wp-json\/wp\/v2\/users\/2"}],"replies":[{"embeddable":true,"href":"https:\/\/www.acapulcopress.com\/index.php\/wp-json\/wp\/v2\/comments?post=1219367"}],"version-history":[{"count":0,"href":"https:\/\/www.acapulcopress.com\/index.php\/wp-json\/wp\/v2\/posts\/1219367\/revisions"}],"wp:featuredmedia":[{"embeddable":true,"href":"https:\/\/www.acapulcopress.com\/index.php\/wp-json\/"}],"wp:attachment":[{"href":"https:\/\/www.acapulcopress.com\/index.php\/wp-json\/wp\/v2\/media?parent=1219367"}],"wp:term":[{"taxonomy":"category","embeddable":true,"href":"https:\/\/www.acapulcopress.com\/index.php\/wp-json\/wp\/v2\/categories?post=1219367"},{"taxonomy":"post_tag","embeddable":true,"href":"https:\/\/www.acapulcopress.com\/index.php\/wp-json\/wp\/v2\/tags?post=1219367"}],"curies":[{"name":"wp","href":"https:\/\/api.w.org\/{rel}","templated":true}]}}