{"id":1219384,"date":"2021-01-19T23:51:21","date_gmt":"2021-01-20T05:51:21","guid":{"rendered":"https:\/\/www.acapulcopress.com\/?p=1219384"},"modified":"2021-01-19T23:51:21","modified_gmt":"2021-01-20T05:51:21","slug":"amlo-el-presidente-prianizado","status":"publish","type":"post","link":"https:\/\/www.acapulcopress.com\/index.php\/2021\/01\/19\/amlo-el-presidente-prianizado\/","title":{"rendered":"AMLO, el presidente PRIANizado"},"content":{"rendered":"<p style=\"text-align: justify;\"><em>* Por las esperanzas depositadas en \u00e9l, por el cambio que prometi\u00f3, por las pr\u00e1cticas presidenciales que tanto da\u00f1aron al pa\u00eds, AMLO tiene el compromiso moral de comportarse mejor que Fox, Calder\u00f3n y EPN.<\/em><\/p>\n<p style=\"text-align: justify;\"><strong>\u00bb Denise Dresser.<\/strong><br \/>\n<em>] <a href=\"https:\/\/www.proceso.com.mx\/opinion\/2021\/1\/19\/amlo-el-presidente-prianizado-256530.html\" target=\"_blank\" rel=\"noopener\">Apro<\/a>.<\/em><\/p>\n<p style=\"text-align: justify;\">Vivir para ver y no creer. El candidato que denunci\u00f3 la intervenci\u00f3n de otros presidentes en procesos electorales, ahora quiere intervenir en ellos. El aguerrido opositor que critic\u00f3 la propaganda pol\u00edtica a favor del PRIAN, ahora justifica desplegarla a favor de Morena. El defensor del terreno nivelado de juego para la contienda, ahora pretende alterarlo para beneficiar a su partido.<\/p>\n<p style=\"text-align: justify;\">En el pasado, L\u00f3pez Obrador le grit\u00f3 \u201cC\u00e1llate, chachalaca\u201d a Vicente Fox cuando se entrometi\u00f3 en las campa\u00f1as; en el presente quiere emularlo. AMLO se va pareciendo cada vez m\u00e1s a quienes sustituy\u00f3. Con tal de ganar, est\u00e1 dispuesto a violar las reglas. Con tal de construir la hegemon\u00eda morenista, est\u00e1 dispuesto a emular las peores pr\u00e1cticas que pas\u00f3 18 a\u00f1os acusando. Al reclamar que el INE lo censura, el presidente se est\u00e1 PRIANizando.<\/p>\n<p style=\"text-align: justify;\">Y se aleja del camino y de las leyes que \u00e9l mismo impuls\u00f3. Luego de la turbulenta elecci\u00f3n de 2006, L\u00f3pez Obrador exigi\u00f3 reformas de gran envergadura para que no volviera a suceder lo que \u00e9l y el PRD hab\u00edan padecido: el proselitismo pol\u00edtico de Vicente Fox en contra de su candidatura, la cargada de la c\u00fapula empresarial en los medios con el objetivo de impedir su triunfo, la llamada \u201cguerra sucia\u201d a trav\u00e9s de los spots \u201cL\u00f3pez Obrador, un peligro para M\u00e9xico\u201d.<\/p>\n<p style=\"text-align: justify;\">Todo lo que el establishment hizo para frenar su llegada a la Presidencia, incluyendo la violaci\u00f3n abierta de la legislaci\u00f3n electoral. Todo eso que el INE permiti\u00f3 y minimiz\u00f3 y no sancion\u00f3. Todas las irregularidades que AMLO se dedic\u00f3 a exponer, y que condujeron a la reforma electoral de 2007. Una reforma promovida, negociada y aplaudida por L\u00f3pez Obrador, cuyo esp\u00edritu actualmente traiciona.<\/p>\n<p style=\"text-align: justify;\">Aquello que AMLO reprob\u00f3 era el uso del poder para perpetuarse en el poder, marginando a la oposici\u00f3n. Y por eso la reforma de 2007 prohibi\u00f3 la compra de tiempo en los medios por particulares, prohibi\u00f3 la denostaci\u00f3n entre partidos, prohibi\u00f3 el uso de la propaganda pol\u00edtica por parte del gobierno en turno. Fue una reforma restrictiva, y por esa raz\u00f3n, muy controvertida.<\/p>\n<p style=\"text-align: justify;\">Pero se volvi\u00f3 la ley y oblig\u00f3 a los presidentes a mantenerse al margen de las contiendas, ante el efecto pernicioso de su intervenci\u00f3n. Precisamente por la historia de cargadas priistas y desafueros panistas, L\u00f3pez Obrador exigi\u00f3 que el Poder Ejecutivo sacara las manos, y se benefici\u00f3 de que a Calder\u00f3n y a Pe\u00f1a Nieto se las ataran. Busc\u00f3 callarlos, y logr\u00f3 avanzar pol\u00edticamente gracias a la mordaza que la autoridad electoral tuvo la obligaci\u00f3n de colocarles.<\/p>\n<p style=\"text-align: justify;\">El INE no siempre lograba su objetivo ni lo persegu\u00eda con la consistencia necesaria, pero la sociedad demandaba que aplicara la ley, y que los predecesores de AMLO se atuvieran a ella. Por ello, resalta a\u00fan m\u00e1s la incongruencia lopezobradorista: como opositor demand\u00f3 equidad, pero como presidente no le preocupa violarla. Como opositor demand\u00f3 la aplicaci\u00f3n cabal de la legislaci\u00f3n electoral, pero como presidente promueve la excepci\u00f3n. Lo que para sus predecesores era presi\u00f3n para someterse a la legalidad, para \u00e9l es censura. Lo que embest\u00eda como propaganda por parte de Fox y Calder\u00f3n, defiende como \u201cinformaci\u00f3n\u201d por parte de su propio gobierno.<\/p>\n<p style=\"text-align: justify;\">La ma\u00f1anera ser\u00e1 muchas cosas, pero no es un ejercicio transparente ni verificable de informaci\u00f3n. Tan es as\u00ed, que la Oficina de la Presidencia se ha negado a proporcionarle al INAI los datos detr\u00e1s de las afirmaciones presidenciales. L\u00f3pez Obrador usa la conferencia para acusar sin pruebas, para atacar a periodistas y a medios como Proceso, para difundir cifras que no se pueden verificar, para tergiversar datos o reclamar que se tienen \u201cotros datos\u201d, para enviar a miembros del gabinete a mentir, para presentar narrativas inexactas o falsas, para justificar errores y resignificarlos como virtudes, para lapidar a enemigos y proteger a amigos, para hacer anuncios que contravienen la Constituci\u00f3n o la normatividad gubernamental. No es una conferencia de prensa, es una simulaci\u00f3n.<\/p>\n<p style=\"text-align: justify;\">No es un ejemplo de transparencia democr\u00e1tica, es un abuso de poder. No es un foro para la rendici\u00f3n de cuentas, es una misa. No es un \u201cejercicio circular de informaci\u00f3n\u201d, es un ejercicio de genuflexi\u00f3n. Ah\u00ed no se informa, se recluta. Ah\u00ed no se presenta un panorama honesto del pa\u00eds y de quien lo gobierna, se rinde pleites\u00eda.<\/p>\n<p style=\"text-align: justify;\">La ma\u00f1anera constituye un ejemplo de propaganda para defender al gobierno y denostar a la oposici\u00f3n. Por esa raz\u00f3n, le es aplicable la veda electoral parcial, marcada en la legislaci\u00f3n. No porque el INE lo decida, sino porque la Constituci\u00f3n lo establece. Cuando tom\u00f3 posesi\u00f3n, el presidente jur\u00f3 respetarla, y no s\u00f3lo cuando le resultara conveniente.<\/p>\n<p style=\"text-align: justify;\">Como ha argumentado el periodista Javier Garza Ramos, \u201cel debate sobre transmitir la ma\u00f1anera del presidente L\u00f3pez Obrador (durante la temporada de elecciones) se resuelve con una sola pregunta: \u00bfQui\u00e9n hubiera apoyado que Pe\u00f1a Nieto transmitiera una conferencia diaria en 2015, o Calder\u00f3n en 2009, o Fox en 2003?\u201d. Ning\u00fan dem\u00f3crata, ning\u00fan miembro de la izquierda, nadie que comprendiera la historia electoral de M\u00e9xico lo hubiera permitido.<\/p>\n<p style=\"text-align: justify;\">Por las esperanzas depositadas en \u00e9l, por el cambio que prometi\u00f3, por las pr\u00e1cticas presidenciales que tanto da\u00f1aron al pa\u00eds, AMLO tiene el compromiso moral de comportarse mejor que Vicente Fox y Felipe Calder\u00f3n y Enrique Pe\u00f1a Nieto. \u00c9l, que luch\u00f3 por desmantelar el predominio del PRI, nivelar el terreno de juego para la competencia partidista, desarmar el sistema de partido hegem\u00f3nico y transitar hacia una democracia menos disfuncional, no deber\u00eda impugnar las reglas del juego para morenizarlo.<\/p>\n<p style=\"text-align: justify;\">Clamar \u201ccensura\u201d frente al uso propagand\u00edstico de la ma\u00f1anera es justificar para s\u00ed mismo lo que no toler\u00f3 en los dem\u00e1s. Hacer eso es ignorar de d\u00f3nde viene, qui\u00e9n fue y qui\u00e9n deber\u00eda ser. Un dem\u00f3crata y no un presidente PRIANizado.<\/p>\n","protected":false},"excerpt":{"rendered":"<p>* Por las esperanzas depositadas en \u00e9l, por el cambio que prometi\u00f3, por las pr\u00e1cticas presidenciales que tanto da\u00f1aron al pa\u00eds, AMLO tiene el compromiso moral de comportarse mejor que Fox, Calder\u00f3n y EPN. \u00bb Denise Dresser. ] Apro. Vivir para ver y no creer. El candidato que denunci\u00f3 la intervenci\u00f3n de otros presidentes en&#8230;<\/p>\n","protected":false},"author":2,"featured_media":1217501,"comment_status":"closed","ping_status":"closed","sticky":false,"template":"","format":"standard","meta":{"footnotes":""},"categories":[2071,1991],"tags":[2086,3793,7070,13297,14919],"class_list":["post-1219384","post","type-post","status-publish","format-standard","has-post-thumbnail","hentry","category-opinion-analisis-columnas","category-libertad-de-expresion","tag-cuarta-transformacion-4t","tag-amlo","tag-denise-dresser","tag-morena","tag-prian"],"_links":{"self":[{"href":"https:\/\/www.acapulcopress.com\/index.php\/wp-json\/wp\/v2\/posts\/1219384","targetHints":{"allow":["GET"]}}],"collection":[{"href":"https:\/\/www.acapulcopress.com\/index.php\/wp-json\/wp\/v2\/posts"}],"about":[{"href":"https:\/\/www.acapulcopress.com\/index.php\/wp-json\/wp\/v2\/types\/post"}],"author":[{"embeddable":true,"href":"https:\/\/www.acapulcopress.com\/index.php\/wp-json\/wp\/v2\/users\/2"}],"replies":[{"embeddable":true,"href":"https:\/\/www.acapulcopress.com\/index.php\/wp-json\/wp\/v2\/comments?post=1219384"}],"version-history":[{"count":0,"href":"https:\/\/www.acapulcopress.com\/index.php\/wp-json\/wp\/v2\/posts\/1219384\/revisions"}],"wp:featuredmedia":[{"embeddable":true,"href":"https:\/\/www.acapulcopress.com\/index.php\/wp-json\/"}],"wp:attachment":[{"href":"https:\/\/www.acapulcopress.com\/index.php\/wp-json\/wp\/v2\/media?parent=1219384"}],"wp:term":[{"taxonomy":"category","embeddable":true,"href":"https:\/\/www.acapulcopress.com\/index.php\/wp-json\/wp\/v2\/categories?post=1219384"},{"taxonomy":"post_tag","embeddable":true,"href":"https:\/\/www.acapulcopress.com\/index.php\/wp-json\/wp\/v2\/tags?post=1219384"}],"curies":[{"name":"wp","href":"https:\/\/api.w.org\/{rel}","templated":true}]}}