{"id":1219394,"date":"2021-01-20T16:55:22","date_gmt":"2021-01-20T22:55:22","guid":{"rendered":"https:\/\/www.acapulcopress.com\/?p=1219394"},"modified":"2021-01-20T16:55:22","modified_gmt":"2021-01-20T22:55:22","slug":"coordinacion-entre-sociedad-y-gobierno-permitira-mejorar-acapulco-victor-aguirre","status":"publish","type":"post","link":"https:\/\/www.acapulcopress.com\/index.php\/2021\/01\/20\/coordinacion-entre-sociedad-y-gobierno-permitira-mejorar-acapulco-victor-aguirre\/","title":{"rendered":"Coordinaci\u00f3n entre sociedad y gobierno permitir\u00e1 mejorar Acapulco | V\u00edctor Aguirre"},"content":{"rendered":"<p style=\"text-align: justify;\">ACAPULCO. * 20 de enero de 2021.<br \/>\n] Prensa #VAA.<\/p>\n<p style=\"text-align: justify;\">Al visitar a habitantes de la colonia Las Parotas, el regidor con licencia V\u00edctor Aguirre Alcaide se\u00f1al\u00f3 que es <img loading=\"lazy\" decoding=\"async\" class=\"alignleft size-medium wp-image-1219400\" src=\"https:\/\/www.acapulco.press\/wp-content\/uploads\/2021\/01\/AGUIRRE-SERVICIOS-375x250.jpg\" alt=\"\" width=\"375\" height=\"250\" \/>importante trabajar en el mejoramiento de los servicios p\u00fablicos para brindar una atenci\u00f3n a la poblaci\u00f3n dando resultados de calidad en su entorno social.<\/p>\n<p style=\"text-align: justify;\">\u00abLa coordinaci\u00f3n entre la sociedad y gobierno, nos permitir\u00e1 sumar esfuerzos y voluntades, para garantizar el mejoramiento urbano y bienestar. Trabajando juntos y con perseverancia aplicando una estrategia que ofrezca resultados\u00bb, asever\u00f3.<\/p>\n<p style=\"text-align: justify;\">El regidor con licencia a\u00f1adi\u00f3 que la atenci\u00f3n a las causas que generan crisis en la atenci\u00f3n de los servicios p\u00fablicos, <img loading=\"lazy\" decoding=\"async\" class=\"alignleft size-medium wp-image-1219399\" src=\"https:\/\/www.acapulco.press\/wp-content\/uploads\/2021\/01\/AGUIRRE-SERVICIOS-6-375x250.jpg\" alt=\"\" width=\"375\" height=\"250\" \/>deben atenderse encontrando el problema, para revertir dichas causas.<\/p>\n<p style=\"text-align: justify;\">\u00abDebemos de impulsar en Acapulco una estrategia, para revertir estas causas, ofrecer servicios p\u00fablicos de calidad y desarrollo en las zonas habitacionales\u00bb, subray\u00f3.<\/p>\n<p style=\"text-align: justify;\">Destac\u00f3 que escuchar y dialogar con la comunidad es dar soluci\u00f3n a sus demandas y necesidades de la poblaci\u00f3n, en el cual, dan garant\u00eda de soluci\u00f3n.<\/p>\n<p style=\"text-align: justify;\">El edil municipal con permiso estuvo acompa\u00f1ado de habitantes de Las Parotas.<\/p>\n<p><img loading=\"lazy\" decoding=\"async\" class=\"alignnone wp-image-1219398 size-large\" src=\"https:\/\/www.acapulco.press\/wp-content\/uploads\/2021\/01\/AGUIRRE-SERVICIOS-5-840x561.jpg\" alt=\"\" width=\"840\" height=\"561\" \/><\/p>\n<p><img loading=\"lazy\" decoding=\"async\" class=\"alignnone wp-image-1219396 size-large\" src=\"https:\/\/www.acapulco.press\/wp-content\/uploads\/2021\/01\/AGUIRRE-SERVICIOS-3-840x561.jpg\" alt=\"\" width=\"840\" height=\"561\" \/><\/p>\n<p><img loading=\"lazy\" decoding=\"async\" class=\"alignnone wp-image-1219395 size-large\" src=\"https:\/\/www.acapulco.press\/wp-content\/uploads\/2021\/01\/AGUIRRE-SERVICIOS-2-840x561.jpg\" alt=\"\" width=\"840\" height=\"561\" \/><\/p>\n","protected":false},"excerpt":{"rendered":"<p>ACAPULCO. * 20 de enero de 2021. ] Prensa #VAA. Al visitar a habitantes de la colonia Las Parotas, el regidor con licencia V\u00edctor Aguirre Alcaide se\u00f1al\u00f3 que es importante trabajar en el mejoramiento de los servicios p\u00fablicos para brindar una atenci\u00f3n a la poblaci\u00f3n dando resultados de calidad en su entorno social. \u00abLa coordinaci\u00f3n&#8230;<\/p>\n","protected":false},"author":2,"featured_media":1219397,"comment_status":"closed","ping_status":"closed","sticky":false,"template":"","format":"standard","meta":{"footnotes":""},"categories":[2024,18561],"tags":[11687,14804,17843],"class_list":["post-1219394","post","type-post","status-publish","format-standard","has-post-thumbnail","hentry","category-politica-activism","category-society-politics","tag-las-parotas","tag-prd","tag-victor-aguirre-alcaide"],"_links":{"self":[{"href":"https:\/\/www.acapulcopress.com\/index.php\/wp-json\/wp\/v2\/posts\/1219394","targetHints":{"allow":["GET"]}}],"collection":[{"href":"https:\/\/www.acapulcopress.com\/index.php\/wp-json\/wp\/v2\/posts"}],"about":[{"href":"https:\/\/www.acapulcopress.com\/index.php\/wp-json\/wp\/v2\/types\/post"}],"author":[{"embeddable":true,"href":"https:\/\/www.acapulcopress.com\/index.php\/wp-json\/wp\/v2\/users\/2"}],"replies":[{"embeddable":true,"href":"https:\/\/www.acapulcopress.com\/index.php\/wp-json\/wp\/v2\/comments?post=1219394"}],"version-history":[{"count":0,"href":"https:\/\/www.acapulcopress.com\/index.php\/wp-json\/wp\/v2\/posts\/1219394\/revisions"}],"wp:featuredmedia":[{"embeddable":true,"href":"https:\/\/www.acapulcopress.com\/index.php\/wp-json\/"}],"wp:attachment":[{"href":"https:\/\/www.acapulcopress.com\/index.php\/wp-json\/wp\/v2\/media?parent=1219394"}],"wp:term":[{"taxonomy":"category","embeddable":true,"href":"https:\/\/www.acapulcopress.com\/index.php\/wp-json\/wp\/v2\/categories?post=1219394"},{"taxonomy":"post_tag","embeddable":true,"href":"https:\/\/www.acapulcopress.com\/index.php\/wp-json\/wp\/v2\/tags?post=1219394"}],"curies":[{"name":"wp","href":"https:\/\/api.w.org\/{rel}","templated":true}]}}