{"id":1219407,"date":"2021-01-20T17:49:43","date_gmt":"2021-01-20T23:49:43","guid":{"rendered":"https:\/\/www.acapulcopress.com\/?p=1219407"},"modified":"2021-01-20T17:49:43","modified_gmt":"2021-01-20T23:49:43","slug":"basta-de-acciones-gubernamentales-o-politicas-publicas-mal-orientadas-yair-garcia","status":"publish","type":"post","link":"https:\/\/www.acapulcopress.com\/index.php\/2021\/01\/20\/basta-de-acciones-gubernamentales-o-politicas-publicas-mal-orientadas-yair-garcia\/","title":{"rendered":"Basta de acciones gubernamentales o pol\u00edticas p\u00fablicas mal orientadas | Yair Garc\u00eda"},"content":{"rendered":"<p>ACAPULCO. * 20 de enero de 2021.<br \/>\n<em>] Ciudadano de Tiempo Completo.<\/em><\/p>\n<p style=\"text-align: justify;\">\u00ab\u00a1Ya basta de acciones gubernamentales o pol\u00edticas p\u00fablicas mal orientadas que afectan la econom\u00eda de la gente y que <img loading=\"lazy\" decoding=\"async\" class=\"alignleft size-medium wp-image-1219410\" src=\"https:\/\/www.acapulco.press\/wp-content\/uploads\/2021\/01\/YAIR-ACAPULCO-4-375x379.jpg\" alt=\"\" width=\"375\" height=\"379\" \/>tampoco atienden sus necesidades!\u00bb, espet\u00f3 el<em> Ciudadano de Tiempo Completo,<\/em> Yair Garc\u00eda Delgado, durante un encuentro con pescadores y prestadores de servicios tur\u00edsticos de la playa La Angosta, quienes les expresaron, con preocupaci\u00f3n, la falta de oportunidades y de incentivos para el mejoramiento de la calidad de vida de sus familias en momentos tan complejos de la crisis generada por la pandemia.<\/p>\n<p style=\"text-align: justify;\">Tras de manifestarles que se requieren legisladores de tiempo completo y que \u00e9l est\u00e1 en la mejor disposici\u00f3n de trabajar de tal forma por los acapulque\u00f1os y guerrerenses, Garc\u00eda Delgado acord\u00f3 trabajar de manera conjunta con ellos para hacer gestiones que dignifiquen y reactiven la econom\u00eda de la zona y permita integrar proyectos de soluci\u00f3n al <em>Plan de Acci\u00f3n Ciudadano<\/em>.<\/p>\n<p><img loading=\"lazy\" decoding=\"async\" class=\"alignnone wp-image-1219408 size-large\" src=\"https:\/\/www.acapulco.press\/wp-content\/uploads\/2021\/01\/YAIR-ACAPULCO-2-840x768.jpg\" alt=\"\" width=\"840\" height=\"768\" \/><\/p>\n<p><img loading=\"lazy\" decoding=\"async\" class=\"alignnone wp-image-1219413 size-large\" src=\"https:\/\/www.acapulco.press\/wp-content\/uploads\/2021\/01\/YAIR-ACAPULCO-840x630.jpg\" alt=\"\" width=\"840\" height=\"630\" \/><\/p>\n<p><img loading=\"lazy\" decoding=\"async\" class=\"alignnone wp-image-1219411 size-large\" src=\"https:\/\/www.acapulco.press\/wp-content\/uploads\/2021\/01\/YAIR-ACAPULCO-5-840x630.jpg\" alt=\"\" width=\"840\" height=\"630\" \/><\/p>\n","protected":false},"excerpt":{"rendered":"<p>ACAPULCO. * 20 de enero de 2021. ] Ciudadano de Tiempo Completo. \u00ab\u00a1Ya basta de acciones gubernamentales o pol\u00edticas p\u00fablicas mal orientadas que afectan la econom\u00eda de la gente y que tampoco atienden sus necesidades!\u00bb, espet\u00f3 el Ciudadano de Tiempo Completo, Yair Garc\u00eda Delgado, durante un encuentro con pescadores y prestadores de servicios tur\u00edsticos de&#8230;<\/p>\n","protected":false},"author":2,"featured_media":1219412,"comment_status":"closed","ping_status":"closed","sticky":false,"template":"","format":"standard","meta":{"footnotes":""},"categories":[2024,18561],"tags":[2086,5826,18204],"class_list":["post-1219407","post","type-post","status-publish","format-standard","has-post-thumbnail","hentry","category-politica-activism","category-society-politics","tag-cuarta-transformacion-4t","tag-ciudadano-de-tiempo-completo","tag-yair-garcia-delgado"],"_links":{"self":[{"href":"https:\/\/www.acapulcopress.com\/index.php\/wp-json\/wp\/v2\/posts\/1219407","targetHints":{"allow":["GET"]}}],"collection":[{"href":"https:\/\/www.acapulcopress.com\/index.php\/wp-json\/wp\/v2\/posts"}],"about":[{"href":"https:\/\/www.acapulcopress.com\/index.php\/wp-json\/wp\/v2\/types\/post"}],"author":[{"embeddable":true,"href":"https:\/\/www.acapulcopress.com\/index.php\/wp-json\/wp\/v2\/users\/2"}],"replies":[{"embeddable":true,"href":"https:\/\/www.acapulcopress.com\/index.php\/wp-json\/wp\/v2\/comments?post=1219407"}],"version-history":[{"count":0,"href":"https:\/\/www.acapulcopress.com\/index.php\/wp-json\/wp\/v2\/posts\/1219407\/revisions"}],"wp:featuredmedia":[{"embeddable":true,"href":"https:\/\/www.acapulcopress.com\/index.php\/wp-json\/"}],"wp:attachment":[{"href":"https:\/\/www.acapulcopress.com\/index.php\/wp-json\/wp\/v2\/media?parent=1219407"}],"wp:term":[{"taxonomy":"category","embeddable":true,"href":"https:\/\/www.acapulcopress.com\/index.php\/wp-json\/wp\/v2\/categories?post=1219407"},{"taxonomy":"post_tag","embeddable":true,"href":"https:\/\/www.acapulcopress.com\/index.php\/wp-json\/wp\/v2\/tags?post=1219407"}],"curies":[{"name":"wp","href":"https:\/\/api.w.org\/{rel}","templated":true}]}}