{"id":1219420,"date":"2021-01-20T18:00:45","date_gmt":"2021-01-21T00:00:45","guid":{"rendered":"https:\/\/www.acapulcopress.com\/?p=1219420"},"modified":"2021-01-20T18:00:45","modified_gmt":"2021-01-21T00:00:45","slug":"exhorta-mario-moreno-a-guerrerenses-extremar-cuidados-por-el-covid19","status":"publish","type":"post","link":"https:\/\/www.acapulcopress.com\/index.php\/2021\/01\/20\/exhorta-mario-moreno-a-guerrerenses-extremar-cuidados-por-el-covid19\/","title":{"rendered":"Exhorta Mario Moreno a guerrerenses\u00a0extremar cuidados por el Covid19"},"content":{"rendered":"<p style=\"text-align: justify;\">CHILPANCINGO. * 20 de enero de 2021.<br \/>\n<em>] Especial.<\/em><\/p>\n<p style=\"text-align: justify;\">El presidente de la Conferencia de Honor del Partido Revolucionario Institucional (PRI), Mario Moreno Arcos, convoc\u00f3 a las y los guerrerenses a que refuercen sus medidas de higiene, ante el rebrote de Covid-19 en Guerrero.<\/p>\n<p style=\"text-align: justify;\">Consider\u00f3 que lo m\u00e1s importante en este momento es proteger la salud, evitar que los contagios sigan aumentando y que el estado regrese al color rojo del Sem\u00e1foro Epidemiol\u00f3gico Nacional, lo que provocar\u00eda mayores repercusiones econ\u00f3micas para el estado.<\/p>\n<p style=\"text-align: justify;\">Por eso los invit\u00f3 a colaborar con las autoridades de los tres niveles de gobierno, acatando todos los protocolos sanitarios, como el uso correcto del cubre bocas, mantener sana distancia, lavado de manos constante y evitar aglomeraciones as\u00ed como sitios cerrados.<\/p>\n<p style=\"text-align: justify;\">\u201cEn este momento crucial debemos cuidarnos entre todos. Estoy seguro, amigas y amigos, que si actuamos con responsabilidad, pronto tendremos la oportunidad de volvernos a abrazar, de reunirnos entre amigos y familiares y a manifestarnos el afecto que siempre nos ha caracterizado recorriendo el estado con todos ustedes\u201d, coment\u00f3.<\/p>\n<p style=\"text-align: justify;\">Al respecto Moreno Arcos celebr\u00f3 el anuncio que hizo el martes el gobernador H\u00e9ctor Astudillo Flores sobre la reconversi\u00f3n m\u00e1s hospitales para atender a pacientes por Covid-19, as\u00ed como la instalaci\u00f3n de unidades m\u00f3viles para el mismo prop\u00f3sito, como la que opera en el municipio de Iguala donde a prop\u00f3sito, cancel\u00f3 un encuentro que se llevar\u00eda a cabo hoy con estructuras priistas a causa del aumento de contagios.<\/p>\n<p style=\"text-align: justify;\">Sin embargo, Mario Moreno insisti\u00f3 en que la mejor medida es la preventiva y la del autocuidado entre los propios ciudadanos. \u201cUn\u00e1monos ante este desaf\u00edo, cuid\u00e9monos entre todos y evitemos que m\u00e1s amigos, familiares, seres queridos y paisanos guerrerenses sigan falleciendo por esta terrible enfermedad\u201d.<\/p>\n<p style=\"text-align: justify;\">Finalmente Mario Moreno reiter\u00f3 su solidaridad a las familias de las v\u00edctimas del Covid-19, as\u00ed como para quienes se encuentran enfermas en estos momentos. \u201cMi respaldo sincero para todos ellas y ellos. Vamos a honrarlos haciendo todo lo que est\u00e9 en nuestras manos para cuidarnos y evitar que el contagio siga creciendo\u201d.<\/p>\n","protected":false},"excerpt":{"rendered":"<p>CHILPANCINGO. * 20 de enero de 2021. ] Especial. El presidente de la Conferencia de Honor del Partido Revolucionario Institucional (PRI), Mario Moreno Arcos, convoc\u00f3 a las y los guerrerenses a que refuercen sus medidas de higiene, ante el rebrote de Covid-19 en Guerrero. Consider\u00f3 que lo m\u00e1s importante en este momento es proteger la&#8230;<\/p>\n","protected":false},"author":2,"featured_media":1219421,"comment_status":"closed","ping_status":"closed","sticky":false,"template":"","format":"standard","meta":{"footnotes":""},"categories":[2024,18561],"tags":[6705,12685,14304],"class_list":["post-1219420","post","type-post","status-publish","format-standard","has-post-thumbnail","hentry","category-politica-activism","category-society-politics","tag-covid19","tag-mario-moreno-arcos","tag-partido-revolucionario-institucional-pri"],"_links":{"self":[{"href":"https:\/\/www.acapulcopress.com\/index.php\/wp-json\/wp\/v2\/posts\/1219420","targetHints":{"allow":["GET"]}}],"collection":[{"href":"https:\/\/www.acapulcopress.com\/index.php\/wp-json\/wp\/v2\/posts"}],"about":[{"href":"https:\/\/www.acapulcopress.com\/index.php\/wp-json\/wp\/v2\/types\/post"}],"author":[{"embeddable":true,"href":"https:\/\/www.acapulcopress.com\/index.php\/wp-json\/wp\/v2\/users\/2"}],"replies":[{"embeddable":true,"href":"https:\/\/www.acapulcopress.com\/index.php\/wp-json\/wp\/v2\/comments?post=1219420"}],"version-history":[{"count":0,"href":"https:\/\/www.acapulcopress.com\/index.php\/wp-json\/wp\/v2\/posts\/1219420\/revisions"}],"wp:featuredmedia":[{"embeddable":true,"href":"https:\/\/www.acapulcopress.com\/index.php\/wp-json\/"}],"wp:attachment":[{"href":"https:\/\/www.acapulcopress.com\/index.php\/wp-json\/wp\/v2\/media?parent=1219420"}],"wp:term":[{"taxonomy":"category","embeddable":true,"href":"https:\/\/www.acapulcopress.com\/index.php\/wp-json\/wp\/v2\/categories?post=1219420"},{"taxonomy":"post_tag","embeddable":true,"href":"https:\/\/www.acapulcopress.com\/index.php\/wp-json\/wp\/v2\/tags?post=1219420"}],"curies":[{"name":"wp","href":"https:\/\/api.w.org\/{rel}","templated":true}]}}