{"id":1219434,"date":"2021-01-20T10:59:53","date_gmt":"2021-01-20T16:59:53","guid":{"rendered":"https:\/\/www.acapulcopress.com\/?p=1219434"},"modified":"2021-01-20T10:59:53","modified_gmt":"2021-01-20T16:59:53","slug":"publica-uagro-requisitos-para-becas-nivel-superior-y-posgrado-a-sector-indigena-y-afromexicano","status":"publish","type":"post","link":"https:\/\/www.acapulcopress.com\/index.php\/2021\/01\/20\/publica-uagro-requisitos-para-becas-nivel-superior-y-posgrado-a-sector-indigena-y-afromexicano\/","title":{"rendered":"Publica UAGro requisitos para becas Nivel Superior y Posgrado a sector ind\u00edgena y afromexicano"},"content":{"rendered":"<p>CHILPANCINGO. * 20 de enero de 2021.<br \/>\n] UAGro.<\/p>\n<p style=\"text-align: justify;\">La Universidad Aut\u00f3noma de Guerrero (UAGro) public\u00f3 este mi\u00e9rcoles los <a href=\"https:\/\/www.facebook.com\/1045344022255548\/posts\/3613614102095181\/\" target=\"_blank\" rel=\"noopener\"><strong>requisitos<\/strong> <\/a>para que estudiantes pertenecientes al sector ind\u00edgena y afromexicano que cursan el nivel Superior y Posgrado puedan ser beneficiados con una beca de apoyo complementario por parte del Instituto Nacional de los Pueblos Ind\u00edgenas (INPI).<\/p>\n<p><img loading=\"lazy\" decoding=\"async\" class=\"alignnone wp-image-1219436 size-large\" src=\"https:\/\/www.acapulco.press\/wp-content\/uploads\/2021\/01\/REQUISITO-AFRO-UAGRO-840x1249.jpg\" alt=\"\" width=\"840\" height=\"1249\" \/><\/p>\n","protected":false},"excerpt":{"rendered":"<p>CHILPANCINGO. * 20 de enero de 2021. ] UAGro. La Universidad Aut\u00f3noma de Guerrero (UAGro) public\u00f3 este mi\u00e9rcoles los requisitos para que estudiantes pertenecientes al sector ind\u00edgena y afromexicano que cursan el nivel Superior y Posgrado puedan ser beneficiados con una beca de apoyo complementario por parte del Instituto Nacional de los Pueblos Ind\u00edgenas (INPI).<\/p>\n","protected":false},"author":2,"featured_media":1219435,"comment_status":"closed","ping_status":"closed","sticky":false,"template":"","format":"standard","meta":{"footnotes":""},"categories":[18561,2016],"tags":[10321,17610],"class_list":["post-1219434","post","type-post","status-publish","format-standard","has-post-thumbnail","hentry","category-society-politics","category-uagro-society-politics","tag-instituto-nacional-de-los-pueblos-indigenas-inpi","tag-universidad-autonoma-de-guerrero-uagro"],"_links":{"self":[{"href":"https:\/\/www.acapulcopress.com\/index.php\/wp-json\/wp\/v2\/posts\/1219434","targetHints":{"allow":["GET"]}}],"collection":[{"href":"https:\/\/www.acapulcopress.com\/index.php\/wp-json\/wp\/v2\/posts"}],"about":[{"href":"https:\/\/www.acapulcopress.com\/index.php\/wp-json\/wp\/v2\/types\/post"}],"author":[{"embeddable":true,"href":"https:\/\/www.acapulcopress.com\/index.php\/wp-json\/wp\/v2\/users\/2"}],"replies":[{"embeddable":true,"href":"https:\/\/www.acapulcopress.com\/index.php\/wp-json\/wp\/v2\/comments?post=1219434"}],"version-history":[{"count":0,"href":"https:\/\/www.acapulcopress.com\/index.php\/wp-json\/wp\/v2\/posts\/1219434\/revisions"}],"wp:featuredmedia":[{"embeddable":true,"href":"https:\/\/www.acapulcopress.com\/index.php\/wp-json\/"}],"wp:attachment":[{"href":"https:\/\/www.acapulcopress.com\/index.php\/wp-json\/wp\/v2\/media?parent=1219434"}],"wp:term":[{"taxonomy":"category","embeddable":true,"href":"https:\/\/www.acapulcopress.com\/index.php\/wp-json\/wp\/v2\/categories?post=1219434"},{"taxonomy":"post_tag","embeddable":true,"href":"https:\/\/www.acapulcopress.com\/index.php\/wp-json\/wp\/v2\/tags?post=1219434"}],"curies":[{"name":"wp","href":"https:\/\/api.w.org\/{rel}","templated":true}]}}