{"id":1219448,"date":"2021-01-20T19:40:50","date_gmt":"2021-01-21T01:40:50","guid":{"rendered":"https:\/\/www.acapulcopress.com\/?p=1219448"},"modified":"2021-01-20T19:40:50","modified_gmt":"2021-01-21T01:40:50","slug":"celebra-prd-anuncio-de-biden-de-frenar-construccion-del-muro-fronterizo","status":"publish","type":"post","link":"https:\/\/www.acapulcopress.com\/index.php\/2021\/01\/20\/celebra-prd-anuncio-de-biden-de-frenar-construccion-del-muro-fronterizo\/","title":{"rendered":"Celebra PRD anuncio de Biden de frenar construcci\u00f3n del muro fronterizo"},"content":{"rendered":"<p><em>* El inicio del nuevo gobierno encabezado por Joe Biden significar\u00e1 una oportunidad para mejorar la relaci\u00f3n de cooperaci\u00f3n y colaboraci\u00f3n con el pa\u00eds vecino. <strong><br \/>\n* El gobierno de L\u00f3pez Obrador solap\u00f3 medidas xenof\u00f3bicas contra connacionales y es un error que debe revertirse por parte de las autoridades mexicanas.<\/strong><br \/>\n<\/em><br \/>\nCIUDAD DE M\u00c9XICO. * 20 de enero de 2021.<br \/>\n<em>] Prensa PRD.<\/em><\/p>\n<p style=\"text-align: justify;\">El Partido de la Revoluci\u00f3n Democr\u00e1tica celebra el anuncio del presidente electo de Estados Unidos, Joe Biden, respecto a detener la construcci\u00f3n del muro fronterizo que inici\u00f3 el anterior presidente Donald Trump, cuyo mandato estuvo marcado por ataques hacia migrantes mexicanos, los cuales fueron solapados por Andr\u00e9s Manuel L\u00f3pez Obrador al nunca condenar dichas acciones. As\u00ed lo afirm\u00f3 el Presidente Nacional de este instituto pol\u00edtico, Jes\u00fas Zambrano Grijalva, quien se\u00f1al\u00f3 al titular del Ejecutivo Federal de solapamiento de decisiones xenof\u00f3bicas hacia connacionales en el vecino estadunidense tomadas por la administraci\u00f3n pasada.<\/p>\n","protected":false},"excerpt":{"rendered":"<p>* El inicio del nuevo gobierno encabezado por Joe Biden significar\u00e1 una oportunidad para mejorar la relaci\u00f3n de cooperaci\u00f3n y colaboraci\u00f3n con el pa\u00eds vecino. * El gobierno de L\u00f3pez Obrador solap\u00f3 medidas xenof\u00f3bicas contra connacionales y es un error que debe revertirse por parte de las autoridades mexicanas. CIUDAD DE M\u00c9XICO. * 20 de&#8230;<\/p>\n","protected":false},"author":2,"featured_media":1219449,"comment_status":"closed","ping_status":"closed","sticky":false,"template":"","format":"standard","meta":{"footnotes":""},"categories":[1969],"tags":[8152,10820,13426],"class_list":["post-1219448","post","type-post","status-publish","format-standard","has-post-thumbnail","hentry","category-trending","tag-estados-unidos","tag-joe-biden","tag-muro-fronterizo"],"_links":{"self":[{"href":"https:\/\/www.acapulcopress.com\/index.php\/wp-json\/wp\/v2\/posts\/1219448","targetHints":{"allow":["GET"]}}],"collection":[{"href":"https:\/\/www.acapulcopress.com\/index.php\/wp-json\/wp\/v2\/posts"}],"about":[{"href":"https:\/\/www.acapulcopress.com\/index.php\/wp-json\/wp\/v2\/types\/post"}],"author":[{"embeddable":true,"href":"https:\/\/www.acapulcopress.com\/index.php\/wp-json\/wp\/v2\/users\/2"}],"replies":[{"embeddable":true,"href":"https:\/\/www.acapulcopress.com\/index.php\/wp-json\/wp\/v2\/comments?post=1219448"}],"version-history":[{"count":0,"href":"https:\/\/www.acapulcopress.com\/index.php\/wp-json\/wp\/v2\/posts\/1219448\/revisions"}],"wp:featuredmedia":[{"embeddable":true,"href":"https:\/\/www.acapulcopress.com\/index.php\/wp-json\/"}],"wp:attachment":[{"href":"https:\/\/www.acapulcopress.com\/index.php\/wp-json\/wp\/v2\/media?parent=1219448"}],"wp:term":[{"taxonomy":"category","embeddable":true,"href":"https:\/\/www.acapulcopress.com\/index.php\/wp-json\/wp\/v2\/categories?post=1219448"},{"taxonomy":"post_tag","embeddable":true,"href":"https:\/\/www.acapulcopress.com\/index.php\/wp-json\/wp\/v2\/tags?post=1219448"}],"curies":[{"name":"wp","href":"https:\/\/api.w.org\/{rel}","templated":true}]}}