{"id":1219454,"date":"2021-01-20T19:55:15","date_gmt":"2021-01-21T01:55:15","guid":{"rendered":"https:\/\/www.acapulcopress.com\/?p=1219454"},"modified":"2021-01-20T19:55:15","modified_gmt":"2021-01-21T01:55:15","slug":"congreso-de-la-union-exige-a-secretaria-de-salud-garantice-abasto-y-aplicacion-de-vacunas","status":"publish","type":"post","link":"https:\/\/www.acapulcopress.com\/index.php\/2021\/01\/20\/congreso-de-la-union-exige-a-secretaria-de-salud-garantice-abasto-y-aplicacion-de-vacunas\/","title":{"rendered":"Congreso de la Uni\u00f3n exige a Secretar\u00eda de Salud garantice abasto y aplicaci\u00f3n de vacunas"},"content":{"rendered":"<p style=\"text-align: justify;\">PALACIO LEGISLATIVO. * 20 de enero de 2021.<br \/>\n<em>] Notilegis.<\/em><\/p>\n<p style=\"text-align: justify;\">La Comisi\u00f3n Permanente del Congreso de la Uni\u00f3n exhort\u00f3 a la Secretar\u00eda de Salud para que, a trav\u00e9s del Centro Nacional para la Salud de la Infancia y la Adolescencia, garantice el abasto, cobertura y aplicaci\u00f3n de las vacunas contenidas en el Programa de Vacunaci\u00f3n Universal.<\/p>\n<p style=\"text-align: justify;\">El dictamen de la Segunda Comisi\u00f3n y aprobado en votaci\u00f3n econ\u00f3mica, resalta que a pesar de la concentraci\u00f3n de esfuerzos para frenar la pandemia de Covid-19, se debe procurar el abasto de las vacunas para las ni\u00f1as y ni\u00f1os, cumpliendo con el programa ordinario de vacunaci\u00f3n.<\/p>\n<p style=\"text-align: justify;\">Refiere que, conforme a la Constituci\u00f3n Pol\u00edtica, toda persona tiene derecho a la protecci\u00f3n de la salud y se reconoce la importancia de la vacunaci\u00f3n como mecanismo de protecci\u00f3n de la salud para las ni\u00f1as, ni\u00f1os y adolescentes.<\/p>\n<p style=\"text-align: justify;\">Adem\u00e1s, la Ley General de los Derechos de las Ni\u00f1as, Ni\u00f1os y Adolescentes, se\u00f1ala que estos tienen derecho a disfrutar del m\u00e1s alto nivel posible de salud. La vacunaci\u00f3n representa una mejora en la calidad de vida, coadyuva a la prevenci\u00f3n de enfermedades, reduce la mortalidad infantil y controla padecimientos que pueden afectar a m\u00e1s personas.<\/p>\n<p style=\"text-align: justify;\">La senadora Antares Guadalupe V\u00e1zquez Alatorre (Morena) se\u00f1al\u00f3 que en el \u00e1mbito mundial ha habido escasez de vacunas; varios laboratorios cerraron porque no obtuvieron muchos insumos. Por eso, dijo, se hace este exhorto para tratar de recuperar lo que no se ha podido hacer. Destac\u00f3 la importancia de la fortaleza en el sistema de salud que no se ten\u00eda con anterioridad.<\/p>\n<p style=\"text-align: justify;\">La senadora Alejandra Noem\u00ed Reynoso S\u00e1nchez (PAN) resalt\u00f3 que el problema de la vacunaci\u00f3n se viene arrastrando desde 2019 y \u201cse viene padeciendo de un desabasto por no hacer las compras correctas\u201d. Coment\u00f3 que la propia OMS ha identificado el bajo nivel de vacunaci\u00f3n que tiene nuestro pa\u00eds y el retroceso en el Programa Nacional de Vacunaci\u00f3n.<\/p>\n","protected":false},"excerpt":{"rendered":"<p>PALACIO LEGISLATIVO. * 20 de enero de 2021. ] Notilegis. La Comisi\u00f3n Permanente del Congreso de la Uni\u00f3n exhort\u00f3 a la Secretar\u00eda de Salud para que, a trav\u00e9s del Centro Nacional para la Salud de la Infancia y la Adolescencia, garantice el abasto, cobertura y aplicaci\u00f3n de las vacunas contenidas en el Programa de Vacunaci\u00f3n&#8230;<\/p>\n","protected":false},"author":2,"featured_media":1219455,"comment_status":"closed","ping_status":"closed","sticky":false,"template":"","format":"standard","meta":{"footnotes":""},"categories":[1969],"tags":[6374,11884,66,15037],"class_list":["post-1219454","post","type-post","status-publish","format-standard","has-post-thumbnail","hentry","category-trending","tag-congreso-de-la-union","tag-ley-general-de-los-derechos-de-las-ninas","tag-ninos-y-adolescentes","tag-programa-de-vacunacion-universal"],"_links":{"self":[{"href":"https:\/\/www.acapulcopress.com\/index.php\/wp-json\/wp\/v2\/posts\/1219454","targetHints":{"allow":["GET"]}}],"collection":[{"href":"https:\/\/www.acapulcopress.com\/index.php\/wp-json\/wp\/v2\/posts"}],"about":[{"href":"https:\/\/www.acapulcopress.com\/index.php\/wp-json\/wp\/v2\/types\/post"}],"author":[{"embeddable":true,"href":"https:\/\/www.acapulcopress.com\/index.php\/wp-json\/wp\/v2\/users\/2"}],"replies":[{"embeddable":true,"href":"https:\/\/www.acapulcopress.com\/index.php\/wp-json\/wp\/v2\/comments?post=1219454"}],"version-history":[{"count":0,"href":"https:\/\/www.acapulcopress.com\/index.php\/wp-json\/wp\/v2\/posts\/1219454\/revisions"}],"wp:featuredmedia":[{"embeddable":true,"href":"https:\/\/www.acapulcopress.com\/index.php\/wp-json\/"}],"wp:attachment":[{"href":"https:\/\/www.acapulcopress.com\/index.php\/wp-json\/wp\/v2\/media?parent=1219454"}],"wp:term":[{"taxonomy":"category","embeddable":true,"href":"https:\/\/www.acapulcopress.com\/index.php\/wp-json\/wp\/v2\/categories?post=1219454"},{"taxonomy":"post_tag","embeddable":true,"href":"https:\/\/www.acapulcopress.com\/index.php\/wp-json\/wp\/v2\/tags?post=1219454"}],"curies":[{"name":"wp","href":"https:\/\/api.w.org\/{rel}","templated":true}]}}