{"id":1219468,"date":"2021-01-20T21:28:05","date_gmt":"2021-01-21T03:28:05","guid":{"rendered":"https:\/\/www.acapulcopress.com\/?p=1219468"},"modified":"2021-01-20T21:28:05","modified_gmt":"2021-01-21T03:28:05","slug":"felix-salgado-libra-una-accion-penal-por-violacion-pero-hay-otra-denuncia-en-analisis","status":"publish","type":"post","link":"https:\/\/www.acapulcopress.com\/index.php\/2021\/01\/20\/felix-salgado-libra-una-accion-penal-por-violacion-pero-hay-otra-denuncia-en-analisis\/","title":{"rendered":"F\u00e9lix Salgado libra una acci\u00f3n penal por violaci\u00f3n, pero hay otra denuncia en an\u00e1lisis"},"content":{"rendered":"<p style=\"text-align: justify;\">CHILPANCINGO. * 20 de enero de 2021.<br \/>\n<em>] Redacci\u00f3n.<\/em><\/p>\n<p style=\"text-align: justify;\">La Fiscal\u00eda General del Estado (GFE)\u00a0 inform\u00f3 hoy que la acci\u00f3n penal contra F\u00e9lix Salgado por abuso sexual se encuentra prescrita, debido a que los hechos denunciados en 2020 ocurrieron hace 22 a\u00f1os; no obstante, la semana pasada se dio a conocer que exist\u00edan dos denuncias en contra del aspirante de Morena a la Gubernatura de Guerrero, y esa se halla en proceso de an\u00e1lisis.<\/p>\n<p style=\"text-align: justify;\">La FGE emiti\u00f3 esta tarde un comunicado en el informa que la primera denuncia prescribi\u00f3 debido a que la demanda se present\u00f3 en 2020, 22 a\u00f1os despu\u00e9s del acto denunciado, lo que significa que la\u00a0carpeta de investigaci\u00f3n FED\/FEMDH\/FEVIMTRA-GRO\/0000341\/2020 \u201cradicada en la Fiscal\u00eda General de la Rep\u00fablica\u201d, queda sin acci\u00f3n y favorable a Salgado Macedonio.<\/p>\n<p style=\"text-align: justify;\">La violaci\u00f3n de la cual se acus\u00f3 al militante de Morena ocurri\u00f3 en 1998, refiri\u00f3 la FGE, dependencia que a\u00f1adi\u00f3 que tras el \u201cestudio y an\u00e1lisis jur\u00eddico\u201d se advirti\u00f3 esta situaci\u00f3n, por lo que, con base en lo establecido en el art\u00edculo 92 del C\u00f3digo Penal, \u201cse ha extinguido la acusaci\u00f3n penal a favor del imputado\u201d.<\/p>\n<p style=\"text-align: justify;\">En este sentido, la FGE de Guerrero extern\u00f3 que su labor consiste en priorizar los derechos humanos de las v\u00edctimas pero tambi\u00e9n de los imputados.<\/p>\n<p style=\"text-align: justify;\">Sobre la otra denuncia, la dependencia estatal apunt\u00f3 que se mantiene activa y que la Direcci\u00f3n General Jur\u00eddico Consultiva revisa la carpeta de investigaci\u00f3n 1203027010000202017 abierta por este caso.<\/p>\n<p><img loading=\"lazy\" decoding=\"async\" class=\"alignnone wp-image-1219469 \" src=\"https:\/\/www.acapulco.press\/wp-content\/uploads\/2021\/01\/COMUNICADO-FELIX.jpg\" alt=\"\" width=\"823\" height=\"1066\" \/><br \/>\n] Con contenido de <em>Eje Central .<\/em><\/p>\n","protected":false},"excerpt":{"rendered":"<p>CHILPANCINGO. * 20 de enero de 2021. ] Redacci\u00f3n. La Fiscal\u00eda General del Estado (GFE)\u00a0 inform\u00f3 hoy que la acci\u00f3n penal contra F\u00e9lix Salgado por abuso sexual se encuentra prescrita, debido a que los hechos denunciados en 2020 ocurrieron hace 22 a\u00f1os; no obstante, la semana pasada se dio a conocer que exist\u00edan dos denuncias&#8230;<\/p>\n","protected":false},"author":2,"featured_media":1216927,"comment_status":"closed","ping_status":"closed","sticky":false,"template":"","format":"standard","meta":{"footnotes":""},"categories":[2044,1969,1972],"tags":[8467,8682,9542,10946,13297],"class_list":["post-1219468","post","type-post","status-publish","format-standard","has-post-thumbnail","hentry","category-justice","category-trending","category-special","tag-felix-salgado-macedonio","tag-fiscalia-general-de-guerrero-fge","tag-gubernatura-de-guerrero","tag-jorge-zuriel-de-los-santos-barrila","tag-morena"],"_links":{"self":[{"href":"https:\/\/www.acapulcopress.com\/index.php\/wp-json\/wp\/v2\/posts\/1219468","targetHints":{"allow":["GET"]}}],"collection":[{"href":"https:\/\/www.acapulcopress.com\/index.php\/wp-json\/wp\/v2\/posts"}],"about":[{"href":"https:\/\/www.acapulcopress.com\/index.php\/wp-json\/wp\/v2\/types\/post"}],"author":[{"embeddable":true,"href":"https:\/\/www.acapulcopress.com\/index.php\/wp-json\/wp\/v2\/users\/2"}],"replies":[{"embeddable":true,"href":"https:\/\/www.acapulcopress.com\/index.php\/wp-json\/wp\/v2\/comments?post=1219468"}],"version-history":[{"count":0,"href":"https:\/\/www.acapulcopress.com\/index.php\/wp-json\/wp\/v2\/posts\/1219468\/revisions"}],"wp:featuredmedia":[{"embeddable":true,"href":"https:\/\/www.acapulcopress.com\/index.php\/wp-json\/"}],"wp:attachment":[{"href":"https:\/\/www.acapulcopress.com\/index.php\/wp-json\/wp\/v2\/media?parent=1219468"}],"wp:term":[{"taxonomy":"category","embeddable":true,"href":"https:\/\/www.acapulcopress.com\/index.php\/wp-json\/wp\/v2\/categories?post=1219468"},{"taxonomy":"post_tag","embeddable":true,"href":"https:\/\/www.acapulcopress.com\/index.php\/wp-json\/wp\/v2\/tags?post=1219468"}],"curies":[{"name":"wp","href":"https:\/\/api.w.org\/{rel}","templated":true}]}}