{"id":1219476,"date":"2021-01-20T22:06:47","date_gmt":"2021-01-21T04:06:47","guid":{"rendered":"https:\/\/www.acapulcopress.com\/?p=1219476"},"modified":"2021-01-20T22:06:47","modified_gmt":"2021-01-21T04:06:47","slug":"entre-duras-acusaciones-sexuales-placido-domingo-cumple-80-anos","status":"publish","type":"post","link":"https:\/\/www.acapulcopress.com\/index.php\/2021\/01\/20\/entre-duras-acusaciones-sexuales-placido-domingo-cumple-80-anos\/","title":{"rendered":"Entre duras acusaciones sexuales, Pl\u00e1cido Domingo cumple 80 a\u00f1os"},"content":{"rendered":"<p style=\"text-align: justify;\">VIENA. * 20 de enero de 2021.<br \/>\n<em>] <a href=\"https:\/\/www.telam.com.ar\/notas\/202101\/542103-cantante-placido-domingo-cumple-ochenta-anios.html\" target=\"_blank\" rel=\"noopener\">T\u00e9lam<\/a>.<\/em><\/p>\n<p style=\"text-align: justify;\">Como velada prueba de su plena vigencia art\u00edstica, a pesar de que en los \u00faltimos tiempos su prestigio sufri\u00f3 un duro rev\u00e9s ante las acusaciones de diversos abusos sexuales, que le valieron varios conciertos cancelados, el famoso tenor espa\u00f1ol Pl\u00e1cido Domingo cumple este jueves 80 a\u00f1os y lo celebrar\u00e1 desde el escenario de la \u00d3pera de Viena, con una interpretaci\u00f3n de \u201cNabuco\u201d, de Giuseppe Verdi.<\/p>\n<p style=\"text-align: justify;\">Hasta hace algunos a\u00f1os atr\u00e1s, seguramente en un d\u00eda como hoy se estar\u00eda hablando de m\u00faltiples homenajes, honores oficiales y celebraciones para el destacado int\u00e9rprete; sin embargo, las denuncias de abusos por parte de al menos 20 mujeres en su contra, en hechos que datan desde finales de los &#8217;80 echaron un manto de sombra en una brillante carrera.<\/p>\n<p style=\"text-align: justify;\">El artista que hab\u00eda acercado como nadie el canto l\u00edrico al p\u00fablico masivo, a partir de sus incursiones en diversos g\u00e9neros populares desde su peculiar estilo, comenz\u00f3 a ser testigo en los dos \u00faltimos a\u00f1os de como los coliseos que antes se engalanaban con su presencia, ahora le cerraban las puertas en la cara.<\/p>\n<p style=\"text-align: justify;\">No resultan desmedidas las reacciones de estas instituciones si se tiene en cuenta la gravedad de las denuncias, que hablan de manoseos y abusos sexuales, en la mayor\u00eda de los casos a partir del provecho sacado por su prestigio como artista y por el cari\u00f1o popular, debido a que muchas de las v\u00edctimas eran cantantes que le manifestaban su admiraci\u00f3n.<\/p>\n<p style=\"text-align: justify;\">La defensa esgrimida por el tenor no ayud\u00f3 mucho a aclarar su situaci\u00f3n debido a que oscil\u00f3 entre los pedidos de disculpas y la negaci\u00f3n de la existencia de abuso al remarcar que se trataron de relaciones consentidas.<\/p>\n<p style=\"text-align: justify;\">Entre el beneficio de la duda y ciertos resabios de una cultura que aceptaba lo que hoy es intolerable, pero tambi\u00e9n -y fundamentalmente- por su enorme trayectoria, Pl\u00e1cido Domingo a\u00fan logra hacer pie en otros prestigiosos escenarios que lo mantuvieron en cartel a cambio de soportar duros cuestionamientos.<\/p>\n<p style=\"text-align: justify;\">Es que desde el punto estrictamente art\u00edstico, es insoslayable el aporte que este artista ha realizado para la historia de la \u00f3pera, al lograr un acercamiento con el gran p\u00fablico, con distintas acciones que lo convirtieron en un divo del g\u00e9nero.<\/p>\n<p style=\"text-align: justify;\">Desde su debut como bar\u00edtono en 1959, el int\u00e9rprete comenz\u00f3 a imponer su voz y su estilo en los grandes escenarios, lo que le vali\u00f3 una fama tan grande que trascendi\u00f3 los l\u00edmites del g\u00e9nero.<\/p>\n<p style=\"text-align: justify;\">Esto sirvi\u00f3 de base para que el artista que pod\u00eda interpretar las piezas m\u00e1s deslumbrantes de la historia y dirigir importantes \u00f3peras como las de Washington y Los \u00c1ngeles, tambi\u00e9n mostrara su cara en eventos populares.<\/p>\n<p style=\"text-align: justify;\">Dan cuenta de ello, por citar apenas algunos casos, sus participaciones en las ceremonias de apertura del Mundial de F\u00fatbol Espa\u00f1a &#8217;82 o de los Juegos Ol\u00edmpicos de Barcelona &#8217;92; como as\u00ed tambi\u00e9n en el Mundial de Italia &#8217;90, junto a sus \u201csocios\u201d en esta misi\u00f3n popular Luciano Pavarotti y Jos\u00e9 Carreras, la famosa uni\u00f3n conocida como \u201cLos Tres Tenores\u201d.<\/p>\n<p style=\"text-align: justify;\">Precisamente, esta sociedad fue la que permiti\u00f3 que las obras que hasta entonces eran apreciadas por un p\u00fablico selecto en fastuosos coliseos ahora llegaran a estadios de f\u00fatbol o a conciertos populares al aire libre.<\/p>\n<p style=\"text-align: justify;\">El romance entre Pl\u00e1cido Domingo y el p\u00fablico argentino naci\u00f3 en los tempranos &#8217;80 cuando el tenor grab\u00f3 un disco de tangos, en otra prueba de algunos de los tantos \u201ctrucos\u201d a los que apelaba para acercar adeptos.<\/p>\n<p style=\"text-align: justify;\">Todo esto hace que el artista a\u00fan ocupe el centro de la escena con los focos apuntando a su talento, aunque las sombras de la condena judicial y, sobre todo, la social amenazan con oscurecer su figura.<\/p>\n","protected":false},"excerpt":{"rendered":"<p>VIENA. * 20 de enero de 2021. ] T\u00e9lam. Como velada prueba de su plena vigencia art\u00edstica, a pesar de que en los \u00faltimos tiempos su prestigio sufri\u00f3 un duro rev\u00e9s ante las acusaciones de diversos abusos sexuales, que le valieron varios conciertos cancelados, el famoso tenor espa\u00f1ol Pl\u00e1cido Domingo cumple este jueves 80 a\u00f1os&#8230;<\/p>\n","protected":false},"author":2,"featured_media":1219477,"comment_status":"closed","ping_status":"closed","sticky":false,"template":"","format":"standard","meta":{"footnotes":""},"categories":[18563,1988],"tags":[7078,14598],"class_list":["post-1219476","post","type-post","status-publish","format-standard","has-post-thumbnail","hentry","category-entretenimiento","category-lifestyles","tag-denuncias-sexuales","tag-placido-domingo"],"_links":{"self":[{"href":"https:\/\/www.acapulcopress.com\/index.php\/wp-json\/wp\/v2\/posts\/1219476","targetHints":{"allow":["GET"]}}],"collection":[{"href":"https:\/\/www.acapulcopress.com\/index.php\/wp-json\/wp\/v2\/posts"}],"about":[{"href":"https:\/\/www.acapulcopress.com\/index.php\/wp-json\/wp\/v2\/types\/post"}],"author":[{"embeddable":true,"href":"https:\/\/www.acapulcopress.com\/index.php\/wp-json\/wp\/v2\/users\/2"}],"replies":[{"embeddable":true,"href":"https:\/\/www.acapulcopress.com\/index.php\/wp-json\/wp\/v2\/comments?post=1219476"}],"version-history":[{"count":0,"href":"https:\/\/www.acapulcopress.com\/index.php\/wp-json\/wp\/v2\/posts\/1219476\/revisions"}],"wp:featuredmedia":[{"embeddable":true,"href":"https:\/\/www.acapulcopress.com\/index.php\/wp-json\/"}],"wp:attachment":[{"href":"https:\/\/www.acapulcopress.com\/index.php\/wp-json\/wp\/v2\/media?parent=1219476"}],"wp:term":[{"taxonomy":"category","embeddable":true,"href":"https:\/\/www.acapulcopress.com\/index.php\/wp-json\/wp\/v2\/categories?post=1219476"},{"taxonomy":"post_tag","embeddable":true,"href":"https:\/\/www.acapulcopress.com\/index.php\/wp-json\/wp\/v2\/tags?post=1219476"}],"curies":[{"name":"wp","href":"https:\/\/api.w.org\/{rel}","templated":true}]}}